{"id":979,"date":"2021-11-05T09:49:42","date_gmt":"2021-11-05T08:49:42","guid":{"rendered":"http:\/\/mdelblag.pl\/?p=979"},"modified":"2021-11-05T09:50:57","modified_gmt":"2021-11-05T08:50:57","slug":"czuwanie-mlodziezy-w-elblagu","status":"publish","type":"post","link":"https:\/\/mlodziez.diecezja.elblag.pl\/index.php\/2021\/11\/05\/czuwanie-mlodziezy-w-elblagu\/","title":{"rendered":"Czuwanie M\u0142odzie\u017cy w Elbl\u0105gu"},"content":{"rendered":"\n<figure class=\"wp-block-image size-large\"><img fetchpriority=\"high\" decoding=\"async\" width=\"1024\" height=\"535\" src=\"http:\/\/mlodziez.diecezja.elblag.pl\/wp-content\/uploads\/2021\/11\/CMDE-Jestem-Mezczyzna-FB-1024x535.png\" alt=\"\" class=\"wp-image-980\" srcset=\"https:\/\/mlodziez.diecezja.elblag.pl\/wp-content\/uploads\/2021\/11\/CMDE-Jestem-Mezczyzna-FB-1024x535.png 1024w, https:\/\/mlodziez.diecezja.elblag.pl\/wp-content\/uploads\/2021\/11\/CMDE-Jestem-Mezczyzna-FB-300x157.png 300w, https:\/\/mlodziez.diecezja.elblag.pl\/wp-content\/uploads\/2021\/11\/CMDE-Jestem-Mezczyzna-FB-768x401.png 768w, https:\/\/mlodziez.diecezja.elblag.pl\/wp-content\/uploads\/2021\/11\/CMDE-Jestem-Mezczyzna-FB.png 1203w\" sizes=\"(max-width: 1024px) 100vw, 1024px\" \/><\/figure>\n\n\n\n<p class=\"has-large-font-size\">Listopadowe czuwanie m\u0142odzie\u017cy ju\u017c niebawem w Elbl\u0105gu! <\/p>\n\n\n\n<p class=\"has-large-font-size\">\ud83d\ude00 \ud83d\ude00 \ud83d\ude00<\/p>\n\n\n\n<p>Serdecznie zapraszamy do udzia\u0142u w XIV Czuwaniu M\u0142odzie\u017cy Diecezji Elbl\u0105skiej, kt\u00f3re ju\u017c 19.11. odbedzie si\u0119 w katedrze pw. \u015bw. Miko\u0142aja w Elbl\u0105gu. Jego tematem b\u0119dzie &#8222;Jestem M\u0119\u017cczyzn\u0105&#8221;, a spotkanie poprowadzi ks. Krzysztof \u0141awrukajtis z Gda\u0144ska.<\/p>\n\n\n\n<p>Szczeg\u00f3\u0142owe informacje nt. czuwania znajdziesz <a href=\"https:\/\/fb.me\/e\/2Ns96bCRh\" target=\"_blank\" rel=\"noreferrer noopener\"><strong>TU<\/strong><\/a>.<\/p>\n","protected":false},"excerpt":{"rendered":"<p>Listopadowe czuwanie m\u0142odzie\u017cy ju\u017c niebawem w Elbl\u0105gu! \ud83d\ude00 \ud83d\ude00 \ud83d\ude00 Serdecznie zapraszamy do udzia\u0142u w XIV Czuwaniu M\u0142odzie\u017cy Diecezji Elbl\u0105skiej, kt\u00f3re ju\u017c 19.11. odbedzie si\u0119 w katedrze pw. \u015bw. Miko\u0142aja w Elbl\u0105gu. Jego tematem b\u0119dzie &#8222;Jestem M\u0119\u017cczyzn\u0105&#8221;, a spotkanie poprowadzi ks. Krzysztof \u0141awrukajtis z Gda\u0144ska. Szczeg\u00f3\u0142owe informacje nt. czuwania znajdziesz TU.<\/p>\n","protected":false},"author":2,"featured_media":980,"comment_status":"closed","ping_status":"open","sticky":true,"template":"","format":"standard","meta":{"site-sidebar-layout":"default","site-content-layout":"default","ast-site-content-layout":"","site-content-style":"default","site-sidebar-style":"default","ast-global-header-display":"","ast-banner-title-visibility":"","ast-main-header-display":"","ast-hfb-above-header-display":"","ast-hfb-below-header-display":"","ast-hfb-mobile-header-display":"","site-post-title":"","ast-breadcrumbs-content":"","ast-featured-img":"","footer-sml-layout":"","theme-transparent-header-meta":"default","adv-header-id-meta":"","stick-header-meta":"","header-above-stick-meta":"","header-main-stick-meta":"","header-below-stick-meta":"","astra-migrate-meta-layouts":"default","ast-page-background-enabled":"default","ast-page-background-meta":{"desktop":{"background-color":"var(--ast-global-color-4)","background-image":"","background-repeat":"repeat","background-position":"center center","background-size":"auto","background-attachment":"scroll","background-type":"","background-media":"","overlay-type":"","overlay-color":"","overlay-opacity":"","overlay-gradient":""},"tablet":{"background-color":"","background-image":"","background-repeat":"repeat","background-position":"center center","background-size":"auto","background-attachment":"scroll","background-type":"","background-media":"","overlay-type":"","overlay-color":"","overlay-opacity":"","overlay-gradient":""},"mobile":{"background-color":"","background-image":"","background-repeat":"repeat","background-position":"center center","background-size":"auto","background-attachment":"scroll","background-type":"","background-media":"","overlay-type":"","overlay-color":"","overlay-opacity":"","overlay-gradient":""}},"ast-content-background-meta":{"desktop":{"background-color":"var(--ast-global-color-5)","background-image":"","background-repeat":"repeat","background-position":"center center","background-size":"auto","background-attachment":"scroll","background-type":"","background-media":"","overlay-type":"","overlay-color":"","overlay-opacity":"","overlay-gradient":""},"tablet":{"background-color":"var(--ast-global-color-5)","background-image":"","background-repeat":"repeat","background-position":"center center","background-size":"auto","background-attachment":"scroll","background-type":"","background-media":"","overlay-type":"","overlay-color":"","overlay-opacity":"","overlay-gradient":""},"mobile":{"background-color":"var(--ast-global-color-5)","background-image":"","background-repeat":"repeat","background-position":"center center","background-size":"auto","background-attachment":"scroll","background-type":"","background-media":"","overlay-type":"","overlay-color":"","overlay-opacity":"","overlay-gradient":""}},"footnotes":""},"categories":[7],"tags":[],"class_list":["post-979","post","type-post","status-publish","format-standard","has-post-thumbnail","hentry","category-aktualnosci"],"_links":{"self":[{"href":"https:\/\/mlodziez.diecezja.elblag.pl\/index.php\/wp-json\/wp\/v2\/posts\/979"}],"collection":[{"href":"https:\/\/mlodziez.diecezja.elblag.pl\/index.php\/wp-json\/wp\/v2\/posts"}],"about":[{"href":"https:\/\/mlodziez.diecezja.elblag.pl\/index.php\/wp-json\/wp\/v2\/types\/post"}],"author":[{"embeddable":true,"href":"https:\/\/mlodziez.diecezja.elblag.pl\/index.php\/wp-json\/wp\/v2\/users\/2"}],"replies":[{"embeddable":true,"href":"https:\/\/mlodziez.diecezja.elblag.pl\/index.php\/wp-json\/wp\/v2\/comments?post=979"}],"version-history":[{"count":1,"href":"https:\/\/mlodziez.diecezja.elblag.pl\/index.php\/wp-json\/wp\/v2\/posts\/979\/revisions"}],"predecessor-version":[{"id":981,"href":"https:\/\/mlodziez.diecezja.elblag.pl\/index.php\/wp-json\/wp\/v2\/posts\/979\/revisions\/981"}],"wp:featuredmedia":[{"embeddable":true,"href":"https:\/\/mlodziez.diecezja.elblag.pl\/index.php\/wp-json\/wp\/v2\/media\/980"}],"wp:attachment":[{"href":"https:\/\/mlodziez.diecezja.elblag.pl\/index.php\/wp-json\/wp\/v2\/media?parent=979"}],"wp:term":[{"taxonomy":"category","embeddable":true,"href":"https:\/\/mlodziez.diecezja.elblag.pl\/index.php\/wp-json\/wp\/v2\/categories?post=979"},{"taxonomy":"post_tag","embeddable":true,"href":"https:\/\/mlodziez.diecezja.elblag.pl\/index.php\/wp-json\/wp\/v2\/tags?post=979"}],"curies":[{"name":"wp","href":"https:\/\/api.w.org\/{rel}","templated":true}]}}