{"id":933,"date":"2021-09-20T14:27:29","date_gmt":"2021-09-20T12:27:29","guid":{"rendered":"http:\/\/mdelblag.pl\/?p=933"},"modified":"2021-09-21T15:30:26","modified_gmt":"2021-09-21T13:30:26","slug":"czuwanie-mlodziezy-diecezji-elblaskiej-w-suszu","status":"publish","type":"post","link":"https:\/\/mlodziez.diecezja.elblag.pl\/index.php\/2021\/09\/20\/czuwanie-mlodziezy-diecezji-elblaskiej-w-suszu\/","title":{"rendered":"Czuwanie M\u0142odzie\u017cy Diecezji Elbl\u0105skiej w Suszu"},"content":{"rendered":"\n<figure class=\"wp-block-image size-large\"><img fetchpriority=\"high\" decoding=\"async\" width=\"1024\" height=\"536\" src=\"http:\/\/mlodziez.diecezja.elblag.pl\/wp-content\/uploads\/2021\/09\/CMDE-Jestem-kobieta-fb-1024x536.jpg\" alt=\"\" class=\"wp-image-934\" srcset=\"https:\/\/mlodziez.diecezja.elblag.pl\/wp-content\/uploads\/2021\/09\/CMDE-Jestem-kobieta-fb-1024x536.jpg 1024w, https:\/\/mlodziez.diecezja.elblag.pl\/wp-content\/uploads\/2021\/09\/CMDE-Jestem-kobieta-fb-300x157.jpg 300w, https:\/\/mlodziez.diecezja.elblag.pl\/wp-content\/uploads\/2021\/09\/CMDE-Jestem-kobieta-fb-768x402.jpg 768w, https:\/\/mlodziez.diecezja.elblag.pl\/wp-content\/uploads\/2021\/09\/CMDE-Jestem-kobieta-fb.jpg 1200w\" sizes=\"(max-width: 1024px) 100vw, 1024px\" \/><\/figure>\n\n\n\n<p>Ju\u017c 15.10. kolejny raz b\u0119dziemy mogli spotka\u0107 si\u0119 na wsp\u00f3lnej modlitwie i we wsp\u00f3lnocie uczni\u00f3w Chrystusa. Tym razem zapraszamy na czuwanie do Susza.<\/p>\n\n\n\n<p>Naszym go\u015bciem b\u0119dzie s. Augustyna Kr\u00f3l z Broniszewic. Podczas dw\u00f3ch konferencji opowie nam o kobieco\u015bci. B\u0119dziemy mogli uczestniczy\u0107 tak\u017ce  w grupach dzielenia, pocz\u0119stunku, Adoracji Chrystusa, spowiedzi oraz Eucharystii.<\/p>\n\n\n\n<p>Bardzo prosimy, ze wzgl\u0119d\u00f3w organizacyjnych, o zg\u0142oszenie ka\u017cdej przyje\u017cd\u017caj\u0105cej grupy na maila duszpasterz.elblag@o2.pl do poniedzia\u0142ku 11.10.<\/p>\n\n\n\n<p>Na autokar jad\u0105cy na czuwanie z Elbl\u0105ga do Susza zapiszesz si\u0119 <a href=\"https:\/\/forms.gle\/tHx1ZbcSP1YEYZg29\" target=\"_blank\" rel=\"noreferrer noopener\">TU<\/a>.<\/p>\n\n\n\n<p>Serdecznie zapraszamy do Susza!<br><br>Wydarzenie na FB znajdziesz <a href=\"https:\/\/fb.me\/e\/3eMrQ3zOd\" target=\"_blank\" rel=\"noreferrer noopener\">TU<\/a>.<\/p>\n","protected":false},"excerpt":{"rendered":"<p>Ju\u017c 15.10. kolejny raz b\u0119dziemy mogli spotka\u0107 si\u0119 na wsp\u00f3lnej modlitwie i we wsp\u00f3lnocie uczni\u00f3w Chrystusa. Tym razem zapraszamy na czuwanie do Susza. Naszym go\u015bciem b\u0119dzie s. Augustyna Kr\u00f3l z Broniszewic. Podczas dw\u00f3ch konferencji opowie nam o kobieco\u015bci. B\u0119dziemy mogli uczestniczy\u0107 tak\u017ce w grupach dzielenia, pocz\u0119stunku, Adoracji Chrystusa, spowiedzi oraz Eucharystii. Bardzo prosimy, ze wzgl\u0119d\u00f3w [&hellip;]<\/p>\n","protected":false},"author":2,"featured_media":934,"comment_status":"closed","ping_status":"open","sticky":true,"template":"","format":"standard","meta":{"site-sidebar-layout":"default","site-content-layout":"default","ast-site-content-layout":"","site-content-style":"default","site-sidebar-style":"default","ast-global-header-display":"","ast-banner-title-visibility":"","ast-main-header-display":"","ast-hfb-above-header-display":"","ast-hfb-below-header-display":"","ast-hfb-mobile-header-display":"","site-post-title":"","ast-breadcrumbs-content":"","ast-featured-img":"","footer-sml-layout":"","theme-transparent-header-meta":"default","adv-header-id-meta":"","stick-header-meta":"","header-above-stick-meta":"","header-main-stick-meta":"","header-below-stick-meta":"","astra-migrate-meta-layouts":"default","ast-page-background-enabled":"default","ast-page-background-meta":{"desktop":{"background-color":"var(--ast-global-color-4)","background-image":"","background-repeat":"repeat","background-position":"center center","background-size":"auto","background-attachment":"scroll","background-type":"","background-media":"","overlay-type":"","overlay-color":"","overlay-opacity":"","overlay-gradient":""},"tablet":{"background-color":"","background-image":"","background-repeat":"repeat","background-position":"center center","background-size":"auto","background-attachment":"scroll","background-type":"","background-media":"","overlay-type":"","overlay-color":"","overlay-opacity":"","overlay-gradient":""},"mobile":{"background-color":"","background-image":"","background-repeat":"repeat","background-position":"center center","background-size":"auto","background-attachment":"scroll","background-type":"","background-media":"","overlay-type":"","overlay-color":"","overlay-opacity":"","overlay-gradient":""}},"ast-content-background-meta":{"desktop":{"background-color":"var(--ast-global-color-5)","background-image":"","background-repeat":"repeat","background-position":"center center","background-size":"auto","background-attachment":"scroll","background-type":"","background-media":"","overlay-type":"","overlay-color":"","overlay-opacity":"","overlay-gradient":""},"tablet":{"background-color":"var(--ast-global-color-5)","background-image":"","background-repeat":"repeat","background-position":"center center","background-size":"auto","background-attachment":"scroll","background-type":"","background-media":"","overlay-type":"","overlay-color":"","overlay-opacity":"","overlay-gradient":""},"mobile":{"background-color":"var(--ast-global-color-5)","background-image":"","background-repeat":"repeat","background-position":"center center","background-size":"auto","background-attachment":"scroll","background-type":"","background-media":"","overlay-type":"","overlay-color":"","overlay-opacity":"","overlay-gradient":""}},"footnotes":""},"categories":[7],"tags":[],"class_list":["post-933","post","type-post","status-publish","format-standard","has-post-thumbnail","hentry","category-aktualnosci"],"_links":{"self":[{"href":"https:\/\/mlodziez.diecezja.elblag.pl\/index.php\/wp-json\/wp\/v2\/posts\/933"}],"collection":[{"href":"https:\/\/mlodziez.diecezja.elblag.pl\/index.php\/wp-json\/wp\/v2\/posts"}],"about":[{"href":"https:\/\/mlodziez.diecezja.elblag.pl\/index.php\/wp-json\/wp\/v2\/types\/post"}],"author":[{"embeddable":true,"href":"https:\/\/mlodziez.diecezja.elblag.pl\/index.php\/wp-json\/wp\/v2\/users\/2"}],"replies":[{"embeddable":true,"href":"https:\/\/mlodziez.diecezja.elblag.pl\/index.php\/wp-json\/wp\/v2\/comments?post=933"}],"version-history":[{"count":5,"href":"https:\/\/mlodziez.diecezja.elblag.pl\/index.php\/wp-json\/wp\/v2\/posts\/933\/revisions"}],"predecessor-version":[{"id":950,"href":"https:\/\/mlodziez.diecezja.elblag.pl\/index.php\/wp-json\/wp\/v2\/posts\/933\/revisions\/950"}],"wp:featuredmedia":[{"embeddable":true,"href":"https:\/\/mlodziez.diecezja.elblag.pl\/index.php\/wp-json\/wp\/v2\/media\/934"}],"wp:attachment":[{"href":"https:\/\/mlodziez.diecezja.elblag.pl\/index.php\/wp-json\/wp\/v2\/media?parent=933"}],"wp:term":[{"taxonomy":"category","embeddable":true,"href":"https:\/\/mlodziez.diecezja.elblag.pl\/index.php\/wp-json\/wp\/v2\/categories?post=933"},{"taxonomy":"post_tag","embeddable":true,"href":"https:\/\/mlodziez.diecezja.elblag.pl\/index.php\/wp-json\/wp\/v2\/tags?post=933"}],"curies":[{"name":"wp","href":"https:\/\/api.w.org\/{rel}","templated":true}]}}