{"id":929,"date":"2021-09-15T20:58:33","date_gmt":"2021-09-15T18:58:33","guid":{"rendered":"http:\/\/mdelblag.pl\/?p=929"},"modified":"2021-09-15T21:04:14","modified_gmt":"2021-09-15T19:04:14","slug":"czuwanie-mlodziezy-diecezji-elblaskiej-w-kwidzynie","status":"publish","type":"post","link":"https:\/\/mlodziez.diecezja.elblag.pl\/index.php\/2021\/09\/15\/czuwanie-mlodziezy-diecezji-elblaskiej-w-kwidzynie\/","title":{"rendered":"Czuwanie M\u0142odzie\u017cy Diecezji Elbl\u0105skiej w Kwidzynie"},"content":{"rendered":"\n<figure class=\"wp-block-gallery columns-1 is-cropped wp-block-gallery-1 is-layout-flex wp-block-gallery-is-layout-flex\"><ul class=\"blocks-gallery-grid\"><li class=\"blocks-gallery-item\"><figure><img fetchpriority=\"high\" decoding=\"async\" width=\"1024\" height=\"536\" src=\"http:\/\/mlodziez.diecezja.elblag.pl\/wp-content\/uploads\/2021\/08\/CMDE-Jestem-czlowiekiem-fb-1024x536.png\" alt=\"\" data-id=\"913\" data-full-url=\"http:\/\/mlodziez.diecezja.elblag.pl\/wp-content\/uploads\/2021\/08\/CMDE-Jestem-czlowiekiem-fb.png\" data-link=\"http:\/\/mlodziez.diecezja.elblag.pl\/index.php\/home\/cmde-jestem-czlowiekiem-fb\/\" class=\"wp-image-913\" srcset=\"https:\/\/mlodziez.diecezja.elblag.pl\/wp-content\/uploads\/2021\/08\/CMDE-Jestem-czlowiekiem-fb-1024x536.png 1024w, https:\/\/mlodziez.diecezja.elblag.pl\/wp-content\/uploads\/2021\/08\/CMDE-Jestem-czlowiekiem-fb-300x157.png 300w, https:\/\/mlodziez.diecezja.elblag.pl\/wp-content\/uploads\/2021\/08\/CMDE-Jestem-czlowiekiem-fb-768x402.png 768w, https:\/\/mlodziez.diecezja.elblag.pl\/wp-content\/uploads\/2021\/08\/CMDE-Jestem-czlowiekiem-fb.png 1200w\" sizes=\"(max-width: 1024px) 100vw, 1024px\" \/><\/figure><\/li><\/ul><\/figure>\n\n\n\n<p>Kochani, kochani! <img decoding=\"async\" alt=\"\ud83d\ude03\" src=\"https:\/\/static.xx.fbcdn.net\/images\/emoji.php\/v9\/t51\/1\/16\/1f603.png\" width=\"16\" height=\"16\"><img decoding=\"async\" alt=\"\ud83d\ude03\" src=\"https:\/\/static.xx.fbcdn.net\/images\/emoji.php\/v9\/t51\/1\/16\/1f603.png\" width=\"16\" height=\"16\"><img decoding=\"async\" alt=\"\ud83d\ude03\" src=\"https:\/\/static.xx.fbcdn.net\/images\/emoji.php\/v9\/t51\/1\/16\/1f603.png\" width=\"16\" height=\"16\"><\/p>\n\n\n\n<p>Ju\u017c niebawem spotkamy si\u0119 we wsp\u00f3lnocie wiary, modlitwy i przyja\u017ani na kolejnym diecezjalnym czuwaniu m\u0142odzie\u017cy. Tym razem zapraszamy Was do par. pw. Mi\u0142osierdzia Bo\u017cego w Kwidzynie. Spotkanie rozpoczniemy 17.09. o godz. 20:00. W planie s\u0105: konferencja, grupy dzielenia, pocz\u0119stunek i integracja, Adoracja Naj\u015bwi\u0119tszego Sakramentu i spowied\u017a, a tak\u017ce Eucharystia. <\/p>\n\n\n\n<p>Zapro\u015bcie do Kwidzyna Waszych przyjaci\u00f3\u0142 i przyje\u017adzie na to wyj\u0105tkowe \u015bwi\u0119to m\u0142odzie\u017cy. Jest to bardzo buduj\u0105ce, kiedy poprzez przyja\u017a\u0144 mo\u017cna pom\u00f3c innym w ich drodze do Boga, w poznaniu Chrystusa.Wszystkie osoby indywidualne i grupy przyje\u017cd\u017caj\u0105ce na czuwanie prosimy o wys\u0142anie do poniedzia\u0142ku 13.09. mailowego zg\u0142oszenia na adres: duszpasterz.elblag@o2.pl<\/p>\n\n\n\n<p>Do zobaczenia w Kwidzynie!<\/p>\n\n\n\n<p>Wasi duszpasterze<\/p>\n\n\n\n<p><\/p>\n\n\n\n<p>Informacje o wydarzeniu na Facebooku znajdziesz TU.<\/p>\n","protected":false},"excerpt":{"rendered":"<p>Kochani, kochani! Ju\u017c niebawem spotkamy si\u0119 we wsp\u00f3lnocie wiary, modlitwy i przyja\u017ani na kolejnym diecezjalnym czuwaniu m\u0142odzie\u017cy. Tym razem zapraszamy Was do par. pw. Mi\u0142osierdzia Bo\u017cego w Kwidzynie. Spotkanie rozpoczniemy 17.09. o godz. 20:00. W planie s\u0105: konferencja, grupy dzielenia, pocz\u0119stunek i integracja, Adoracja Naj\u015bwi\u0119tszego Sakramentu i spowied\u017a, a tak\u017ce Eucharystia. Zapro\u015bcie do Kwidzyna Waszych [&hellip;]<\/p>\n","protected":false},"author":2,"featured_media":913,"comment_status":"closed","ping_status":"open","sticky":true,"template":"","format":"standard","meta":{"site-sidebar-layout":"default","site-content-layout":"default","ast-site-content-layout":"","site-content-style":"default","site-sidebar-style":"default","ast-global-header-display":"","ast-banner-title-visibility":"","ast-main-header-display":"","ast-hfb-above-header-display":"","ast-hfb-below-header-display":"","ast-hfb-mobile-header-display":"","site-post-title":"","ast-breadcrumbs-content":"","ast-featured-img":"","footer-sml-layout":"","theme-transparent-header-meta":"default","adv-header-id-meta":"","stick-header-meta":"","header-above-stick-meta":"","header-main-stick-meta":"","header-below-stick-meta":"","astra-migrate-meta-layouts":"default","ast-page-background-enabled":"default","ast-page-background-meta":{"desktop":{"background-color":"var(--ast-global-color-4)","background-image":"","background-repeat":"repeat","background-position":"center center","background-size":"auto","background-attachment":"scroll","background-type":"","background-media":"","overlay-type":"","overlay-color":"","overlay-opacity":"","overlay-gradient":""},"tablet":{"background-color":"","background-image":"","background-repeat":"repeat","background-position":"center center","background-size":"auto","background-attachment":"scroll","background-type":"","background-media":"","overlay-type":"","overlay-color":"","overlay-opacity":"","overlay-gradient":""},"mobile":{"background-color":"","background-image":"","background-repeat":"repeat","background-position":"center center","background-size":"auto","background-attachment":"scroll","background-type":"","background-media":"","overlay-type":"","overlay-color":"","overlay-opacity":"","overlay-gradient":""}},"ast-content-background-meta":{"desktop":{"background-color":"var(--ast-global-color-5)","background-image":"","background-repeat":"repeat","background-position":"center center","background-size":"auto","background-attachment":"scroll","background-type":"","background-media":"","overlay-type":"","overlay-color":"","overlay-opacity":"","overlay-gradient":""},"tablet":{"background-color":"var(--ast-global-color-5)","background-image":"","background-repeat":"repeat","background-position":"center center","background-size":"auto","background-attachment":"scroll","background-type":"","background-media":"","overlay-type":"","overlay-color":"","overlay-opacity":"","overlay-gradient":""},"mobile":{"background-color":"var(--ast-global-color-5)","background-image":"","background-repeat":"repeat","background-position":"center center","background-size":"auto","background-attachment":"scroll","background-type":"","background-media":"","overlay-type":"","overlay-color":"","overlay-opacity":"","overlay-gradient":""}},"footnotes":""},"categories":[7],"tags":[],"class_list":["post-929","post","type-post","status-publish","format-standard","has-post-thumbnail","hentry","category-aktualnosci"],"_links":{"self":[{"href":"https:\/\/mlodziez.diecezja.elblag.pl\/index.php\/wp-json\/wp\/v2\/posts\/929"}],"collection":[{"href":"https:\/\/mlodziez.diecezja.elblag.pl\/index.php\/wp-json\/wp\/v2\/posts"}],"about":[{"href":"https:\/\/mlodziez.diecezja.elblag.pl\/index.php\/wp-json\/wp\/v2\/types\/post"}],"author":[{"embeddable":true,"href":"https:\/\/mlodziez.diecezja.elblag.pl\/index.php\/wp-json\/wp\/v2\/users\/2"}],"replies":[{"embeddable":true,"href":"https:\/\/mlodziez.diecezja.elblag.pl\/index.php\/wp-json\/wp\/v2\/comments?post=929"}],"version-history":[{"count":2,"href":"https:\/\/mlodziez.diecezja.elblag.pl\/index.php\/wp-json\/wp\/v2\/posts\/929\/revisions"}],"predecessor-version":[{"id":932,"href":"https:\/\/mlodziez.diecezja.elblag.pl\/index.php\/wp-json\/wp\/v2\/posts\/929\/revisions\/932"}],"wp:featuredmedia":[{"embeddable":true,"href":"https:\/\/mlodziez.diecezja.elblag.pl\/index.php\/wp-json\/wp\/v2\/media\/913"}],"wp:attachment":[{"href":"https:\/\/mlodziez.diecezja.elblag.pl\/index.php\/wp-json\/wp\/v2\/media?parent=929"}],"wp:term":[{"taxonomy":"category","embeddable":true,"href":"https:\/\/mlodziez.diecezja.elblag.pl\/index.php\/wp-json\/wp\/v2\/categories?post=929"},{"taxonomy":"post_tag","embeddable":true,"href":"https:\/\/mlodziez.diecezja.elblag.pl\/index.php\/wp-json\/wp\/v2\/tags?post=929"}],"curies":[{"name":"wp","href":"https:\/\/api.w.org\/{rel}","templated":true}]}}