{"id":888,"date":"2021-05-31T09:19:17","date_gmt":"2021-05-31T07:19:17","guid":{"rendered":"http:\/\/mdelblag.pl\/?p=888"},"modified":"2021-06-05T14:16:40","modified_gmt":"2021-06-05T12:16:40","slug":"czuwanie-mlodziezy-diecezji-elblaskiej-w-sztumie","status":"publish","type":"post","link":"https:\/\/mlodziez.diecezja.elblag.pl\/index.php\/2021\/05\/31\/czuwanie-mlodziezy-diecezji-elblaskiej-w-sztumie\/","title":{"rendered":"Czuwanie M\u0142odzie\u017cy Diecezji Elbl\u0105skiej w Sztumie"},"content":{"rendered":"\n<figure class=\"wp-block-gallery columns-1 is-cropped wp-block-gallery-1 is-layout-flex wp-block-gallery-is-layout-flex\"><ul class=\"blocks-gallery-grid\"><li class=\"blocks-gallery-item\"><figure><img fetchpriority=\"high\" decoding=\"async\" width=\"1024\" height=\"684\" src=\"http:\/\/mlodziez.diecezja.elblag.pl\/wp-content\/uploads\/2020\/10\/f3d6bf72c0dc316a6dbabfb6d1414f87-1024x684.jpg\" alt=\"\" data-id=\"498\" data-full-url=\"http:\/\/mlodziez.diecezja.elblag.pl\/wp-content\/uploads\/2020\/10\/f3d6bf72c0dc316a6dbabfb6d1414f87.jpg\" data-link=\"http:\/\/mlodziez.diecezja.elblag.pl\/index.php\/home\/f3d6bf72c0dc316a6dbabfb6d1414f87\/\" class=\"wp-image-498\" srcset=\"https:\/\/mlodziez.diecezja.elblag.pl\/wp-content\/uploads\/2020\/10\/f3d6bf72c0dc316a6dbabfb6d1414f87-1024x684.jpg 1024w, https:\/\/mlodziez.diecezja.elblag.pl\/wp-content\/uploads\/2020\/10\/f3d6bf72c0dc316a6dbabfb6d1414f87-300x201.jpg 300w, https:\/\/mlodziez.diecezja.elblag.pl\/wp-content\/uploads\/2020\/10\/f3d6bf72c0dc316a6dbabfb6d1414f87-768x513.jpg 768w, https:\/\/mlodziez.diecezja.elblag.pl\/wp-content\/uploads\/2020\/10\/f3d6bf72c0dc316a6dbabfb6d1414f87.jpg 1122w\" sizes=\"(max-width: 1024px) 100vw, 1024px\" \/><\/figure><\/li><\/ul><\/figure>\n\n\n\n<p>Dzi\u0119ki \u017cyczliwo\u015bci ksi\u0119dza proboszcza i zaanga\u017cowaniu ks. Maksymiliana zapraszam tak\u017ce na drugie w tym roku szkolnym diecezjalne czuwanie m\u0142odzie\u017cy. Odb\u0119dzie si\u0119 ono w par. pw. \u015bw. Anny w Sztumie. Plan czuwania jest nast\u0119puj\u0105cy:<br><\/p>\n\n\n\n<p>19:30 \u2013 rejestracja uczestnik\u00f3w;<br>20:00 &#8211; powitanie i roz\u015bpiewanie;<br>20:20 &#8211; konferencja I;<br>21:00 &#8211; grupy dzielenia;<br>21:30 &#8211; pocz\u0119stunek;<br>22:00 &#8211; Adoracja Naj\u015bwi\u0119tszego Sakramentu i spowied\u017a;<br>23:00 &#8211; Eucharystia z kazaniem;<\/p>\n\n\n\n<p>Ze wzgl\u0119d\u00f3w organizacyjnych &#8211; ka\u017cda zorganizowana grupa, kt\u00f3ra wybiera si\u0119 do Sztumu, a tak\u017ce osoby indywidualne, s\u0105 zobowi\u0105zane <strong>do poniedzia\u0142ku 14.06. na adres mailowy duszpasterz.elblag@o2.pl PRZES\u0141A\u0106 ZG\u0141OSZENIE<\/strong> I PODA\u0106 W NIM NAZWISKO OSOBY ODPOWIEDZIALNEJ ORAZ ILO\u015a\u0106 UCZESTNIK\u00d3W. Uczestnicy czuwania s\u0105 zobowi\u0105zani do zabrania ze sob\u0105 masek ochronnych.<\/p>\n\n\n\n<p>Zapisy na autokar z Elbl\u0105ga do Sztumu trwaj\u0105 <strong><a href=\"https:\/\/forms.gle\/E6PaFCS1VdmNPdVB8\" target=\"_blank\" rel=\"noreferrer noopener\">TU<\/a><\/strong>.<br><br><\/p>\n\n\n\n<p>&nbsp;&nbsp;&nbsp;&nbsp;&nbsp;&nbsp;&nbsp;&nbsp;&nbsp;&nbsp;&nbsp; Oto link do wydarzenia na FB znajdziesz <strong><a href=\"https:\/\/fb.me\/e\/V1slVz7U\" target=\"_blank\" rel=\"noreferrer noopener\">TU<\/a><\/strong>.<\/p>\n","protected":false},"excerpt":{"rendered":"<p>Dzi\u0119ki \u017cyczliwo\u015bci ksi\u0119dza proboszcza i zaanga\u017cowaniu ks. Maksymiliana zapraszam tak\u017ce na drugie w tym roku szkolnym diecezjalne czuwanie m\u0142odzie\u017cy. Odb\u0119dzie si\u0119 ono w par. pw. \u015bw. Anny w Sztumie. Plan czuwania jest nast\u0119puj\u0105cy: 19:30 \u2013 rejestracja uczestnik\u00f3w;20:00 &#8211; powitanie i roz\u015bpiewanie;20:20 &#8211; konferencja I;21:00 &#8211; grupy dzielenia;21:30 &#8211; pocz\u0119stunek;22:00 &#8211; Adoracja Naj\u015bwi\u0119tszego Sakramentu i spowied\u017a;23:00 [&hellip;]<\/p>\n","protected":false},"author":2,"featured_media":498,"comment_status":"closed","ping_status":"open","sticky":true,"template":"","format":"standard","meta":{"site-sidebar-layout":"default","site-content-layout":"default","ast-site-content-layout":"","site-content-style":"default","site-sidebar-style":"default","ast-global-header-display":"","ast-banner-title-visibility":"","ast-main-header-display":"","ast-hfb-above-header-display":"","ast-hfb-below-header-display":"","ast-hfb-mobile-header-display":"","site-post-title":"","ast-breadcrumbs-content":"","ast-featured-img":"","footer-sml-layout":"","theme-transparent-header-meta":"default","adv-header-id-meta":"","stick-header-meta":"","header-above-stick-meta":"","header-main-stick-meta":"","header-below-stick-meta":"","astra-migrate-meta-layouts":"default","ast-page-background-enabled":"default","ast-page-background-meta":{"desktop":{"background-color":"var(--ast-global-color-4)","background-image":"","background-repeat":"repeat","background-position":"center center","background-size":"auto","background-attachment":"scroll","background-type":"","background-media":"","overlay-type":"","overlay-color":"","overlay-opacity":"","overlay-gradient":""},"tablet":{"background-color":"","background-image":"","background-repeat":"repeat","background-position":"center center","background-size":"auto","background-attachment":"scroll","background-type":"","background-media":"","overlay-type":"","overlay-color":"","overlay-opacity":"","overlay-gradient":""},"mobile":{"background-color":"","background-image":"","background-repeat":"repeat","background-position":"center center","background-size":"auto","background-attachment":"scroll","background-type":"","background-media":"","overlay-type":"","overlay-color":"","overlay-opacity":"","overlay-gradient":""}},"ast-content-background-meta":{"desktop":{"background-color":"var(--ast-global-color-5)","background-image":"","background-repeat":"repeat","background-position":"center center","background-size":"auto","background-attachment":"scroll","background-type":"","background-media":"","overlay-type":"","overlay-color":"","overlay-opacity":"","overlay-gradient":""},"tablet":{"background-color":"var(--ast-global-color-5)","background-image":"","background-repeat":"repeat","background-position":"center center","background-size":"auto","background-attachment":"scroll","background-type":"","background-media":"","overlay-type":"","overlay-color":"","overlay-opacity":"","overlay-gradient":""},"mobile":{"background-color":"var(--ast-global-color-5)","background-image":"","background-repeat":"repeat","background-position":"center center","background-size":"auto","background-attachment":"scroll","background-type":"","background-media":"","overlay-type":"","overlay-color":"","overlay-opacity":"","overlay-gradient":""}},"footnotes":""},"categories":[7],"tags":[],"class_list":["post-888","post","type-post","status-publish","format-standard","has-post-thumbnail","hentry","category-aktualnosci"],"_links":{"self":[{"href":"https:\/\/mlodziez.diecezja.elblag.pl\/index.php\/wp-json\/wp\/v2\/posts\/888"}],"collection":[{"href":"https:\/\/mlodziez.diecezja.elblag.pl\/index.php\/wp-json\/wp\/v2\/posts"}],"about":[{"href":"https:\/\/mlodziez.diecezja.elblag.pl\/index.php\/wp-json\/wp\/v2\/types\/post"}],"author":[{"embeddable":true,"href":"https:\/\/mlodziez.diecezja.elblag.pl\/index.php\/wp-json\/wp\/v2\/users\/2"}],"replies":[{"embeddable":true,"href":"https:\/\/mlodziez.diecezja.elblag.pl\/index.php\/wp-json\/wp\/v2\/comments?post=888"}],"version-history":[{"count":4,"href":"https:\/\/mlodziez.diecezja.elblag.pl\/index.php\/wp-json\/wp\/v2\/posts\/888\/revisions"}],"predecessor-version":[{"id":892,"href":"https:\/\/mlodziez.diecezja.elblag.pl\/index.php\/wp-json\/wp\/v2\/posts\/888\/revisions\/892"}],"wp:featuredmedia":[{"embeddable":true,"href":"https:\/\/mlodziez.diecezja.elblag.pl\/index.php\/wp-json\/wp\/v2\/media\/498"}],"wp:attachment":[{"href":"https:\/\/mlodziez.diecezja.elblag.pl\/index.php\/wp-json\/wp\/v2\/media?parent=888"}],"wp:term":[{"taxonomy":"category","embeddable":true,"href":"https:\/\/mlodziez.diecezja.elblag.pl\/index.php\/wp-json\/wp\/v2\/categories?post=888"},{"taxonomy":"post_tag","embeddable":true,"href":"https:\/\/mlodziez.diecezja.elblag.pl\/index.php\/wp-json\/wp\/v2\/tags?post=888"}],"curies":[{"name":"wp","href":"https:\/\/api.w.org\/{rel}","templated":true}]}}