{"id":873,"date":"2021-05-08T19:40:09","date_gmt":"2021-05-08T17:40:09","guid":{"rendered":"http:\/\/mdelblag.pl\/?p=873"},"modified":"2021-05-31T09:14:44","modified_gmt":"2021-05-31T07:14:44","slug":"splyw-kajakowy-dla-mlodziezy","status":"publish","type":"post","link":"https:\/\/mlodziez.diecezja.elblag.pl\/index.php\/2021\/05\/08\/splyw-kajakowy-dla-mlodziezy\/","title":{"rendered":"Sp\u0142yw kajakowy dla m\u0142odzie\u017cy"},"content":{"rendered":"\n<figure class=\"wp-block-gallery columns-1 is-cropped wp-block-gallery-1 is-layout-flex wp-block-gallery-is-layout-flex\"><ul class=\"blocks-gallery-grid\"><li class=\"blocks-gallery-item\"><figure><img fetchpriority=\"high\" decoding=\"async\" width=\"1024\" height=\"483\" src=\"http:\/\/mlodziez.diecezja.elblag.pl\/wp-content\/uploads\/2021\/05\/Bez-nazwy-1024x483.jpg\" alt=\"\" data-id=\"874\" data-full-url=\"http:\/\/mlodziez.diecezja.elblag.pl\/wp-content\/uploads\/2021\/05\/Bez-nazwy.jpg\" data-link=\"http:\/\/mlodziez.diecezja.elblag.pl\/?attachment_id=874\" class=\"wp-image-874\" srcset=\"https:\/\/mlodziez.diecezja.elblag.pl\/wp-content\/uploads\/2021\/05\/Bez-nazwy-1024x483.jpg 1024w, https:\/\/mlodziez.diecezja.elblag.pl\/wp-content\/uploads\/2021\/05\/Bez-nazwy-300x141.jpg 300w, https:\/\/mlodziez.diecezja.elblag.pl\/wp-content\/uploads\/2021\/05\/Bez-nazwy-768x362.jpg 768w, https:\/\/mlodziez.diecezja.elblag.pl\/wp-content\/uploads\/2021\/05\/Bez-nazwy-1536x724.jpg 1536w, https:\/\/mlodziez.diecezja.elblag.pl\/wp-content\/uploads\/2021\/05\/Bez-nazwy.jpg 1540w\" sizes=\"(max-width: 1024px) 100vw, 1024px\" \/><\/figure><\/li><\/ul><\/figure>\n\n\n\n<p>Ju\u017c niebawem wyruszymy na sp\u0142yw kajakowy. Startujemy z Elbl\u0105ga 03.06., ko\u0144czymy w \u015bwi\u0119tym Gaju 04.06. W sp\u0142ywie mo\u017ce uczestniczy\u0107 m\u0142odzie\u017c od 15 do 30 roku \u017cycia. <strong>Zapisy na sp\u0142yw zako\u0144czy\u0142y si\u0119 30.05. \ud83d\ude42<\/strong><\/p>\n\n\n\n<p>Wydarzenia na FB znajduje si\u0119 natomiast <strong><a href=\"https:\/\/www.facebook.com\/events\/465380944718999?ref=newsfeed\" target=\"_blank\" rel=\"noreferrer noopener\">TU<\/a><\/strong>.<\/p>\n","protected":false},"excerpt":{"rendered":"<p>Ju\u017c niebawem wyruszymy na sp\u0142yw kajakowy. Startujemy z Elbl\u0105ga 03.06., ko\u0144czymy w \u015bwi\u0119tym Gaju 04.06. W sp\u0142ywie mo\u017ce uczestniczy\u0107 m\u0142odzie\u017c od 15 do 30 roku \u017cycia. Zapisy na sp\u0142yw zako\u0144czy\u0142y si\u0119 30.05. \ud83d\ude42 Wydarzenia na FB znajduje si\u0119 natomiast TU.<\/p>\n","protected":false},"author":2,"featured_media":874,"comment_status":"closed","ping_status":"open","sticky":false,"template":"","format":"standard","meta":{"site-sidebar-layout":"default","site-content-layout":"default","ast-site-content-layout":"","site-content-style":"default","site-sidebar-style":"default","ast-global-header-display":"","ast-banner-title-visibility":"","ast-main-header-display":"","ast-hfb-above-header-display":"","ast-hfb-below-header-display":"","ast-hfb-mobile-header-display":"","site-post-title":"","ast-breadcrumbs-content":"","ast-featured-img":"","footer-sml-layout":"","theme-transparent-header-meta":"default","adv-header-id-meta":"","stick-header-meta":"","header-above-stick-meta":"","header-main-stick-meta":"","header-below-stick-meta":"","astra-migrate-meta-layouts":"default","ast-page-background-enabled":"default","ast-page-background-meta":{"desktop":{"background-color":"var(--ast-global-color-4)","background-image":"","background-repeat":"repeat","background-position":"center center","background-size":"auto","background-attachment":"scroll","background-type":"","background-media":"","overlay-type":"","overlay-color":"","overlay-opacity":"","overlay-gradient":""},"tablet":{"background-color":"","background-image":"","background-repeat":"repeat","background-position":"center center","background-size":"auto","background-attachment":"scroll","background-type":"","background-media":"","overlay-type":"","overlay-color":"","overlay-opacity":"","overlay-gradient":""},"mobile":{"background-color":"","background-image":"","background-repeat":"repeat","background-position":"center center","background-size":"auto","background-attachment":"scroll","background-type":"","background-media":"","overlay-type":"","overlay-color":"","overlay-opacity":"","overlay-gradient":""}},"ast-content-background-meta":{"desktop":{"background-color":"var(--ast-global-color-5)","background-image":"","background-repeat":"repeat","background-position":"center center","background-size":"auto","background-attachment":"scroll","background-type":"","background-media":"","overlay-type":"","overlay-color":"","overlay-opacity":"","overlay-gradient":""},"tablet":{"background-color":"var(--ast-global-color-5)","background-image":"","background-repeat":"repeat","background-position":"center center","background-size":"auto","background-attachment":"scroll","background-type":"","background-media":"","overlay-type":"","overlay-color":"","overlay-opacity":"","overlay-gradient":""},"mobile":{"background-color":"var(--ast-global-color-5)","background-image":"","background-repeat":"repeat","background-position":"center center","background-size":"auto","background-attachment":"scroll","background-type":"","background-media":"","overlay-type":"","overlay-color":"","overlay-opacity":"","overlay-gradient":""}},"footnotes":""},"categories":[7],"tags":[],"class_list":["post-873","post","type-post","status-publish","format-standard","has-post-thumbnail","hentry","category-aktualnosci"],"_links":{"self":[{"href":"https:\/\/mlodziez.diecezja.elblag.pl\/index.php\/wp-json\/wp\/v2\/posts\/873"}],"collection":[{"href":"https:\/\/mlodziez.diecezja.elblag.pl\/index.php\/wp-json\/wp\/v2\/posts"}],"about":[{"href":"https:\/\/mlodziez.diecezja.elblag.pl\/index.php\/wp-json\/wp\/v2\/types\/post"}],"author":[{"embeddable":true,"href":"https:\/\/mlodziez.diecezja.elblag.pl\/index.php\/wp-json\/wp\/v2\/users\/2"}],"replies":[{"embeddable":true,"href":"https:\/\/mlodziez.diecezja.elblag.pl\/index.php\/wp-json\/wp\/v2\/comments?post=873"}],"version-history":[{"count":2,"href":"https:\/\/mlodziez.diecezja.elblag.pl\/index.php\/wp-json\/wp\/v2\/posts\/873\/revisions"}],"predecessor-version":[{"id":887,"href":"https:\/\/mlodziez.diecezja.elblag.pl\/index.php\/wp-json\/wp\/v2\/posts\/873\/revisions\/887"}],"wp:featuredmedia":[{"embeddable":true,"href":"https:\/\/mlodziez.diecezja.elblag.pl\/index.php\/wp-json\/wp\/v2\/media\/874"}],"wp:attachment":[{"href":"https:\/\/mlodziez.diecezja.elblag.pl\/index.php\/wp-json\/wp\/v2\/media?parent=873"}],"wp:term":[{"taxonomy":"category","embeddable":true,"href":"https:\/\/mlodziez.diecezja.elblag.pl\/index.php\/wp-json\/wp\/v2\/categories?post=873"},{"taxonomy":"post_tag","embeddable":true,"href":"https:\/\/mlodziez.diecezja.elblag.pl\/index.php\/wp-json\/wp\/v2\/tags?post=873"}],"curies":[{"name":"wp","href":"https:\/\/api.w.org\/{rel}","templated":true}]}}