{"id":841,"date":"2021-04-09T12:39:05","date_gmt":"2021-04-09T10:39:05","guid":{"rendered":"http:\/\/mdelblag.pl\/?p=841"},"modified":"2021-04-09T13:01:08","modified_gmt":"2021-04-09T11:01:08","slug":"chrystus-zyje","status":"publish","type":"post","link":"https:\/\/mlodziez.diecezja.elblag.pl\/index.php\/2021\/04\/09\/chrystus-zyje\/","title":{"rendered":"Chrystus \u017byje!"},"content":{"rendered":"\n<p><strong>Galeria grafiki m\u0142odzie\u017cowej<\/strong><\/p>\n\n\n\n<figure class=\"wp-block-image size-large\"><img fetchpriority=\"high\" decoding=\"async\" width=\"1024\" height=\"617\" src=\"http:\/\/mlodziez.diecezja.elblag.pl\/wp-content\/uploads\/2021\/04\/Chrystus-zyje-1024x617.png\" alt=\"\" class=\"wp-image-842\" srcset=\"https:\/\/mlodziez.diecezja.elblag.pl\/wp-content\/uploads\/2021\/04\/Chrystus-zyje-1024x617.png 1024w, https:\/\/mlodziez.diecezja.elblag.pl\/wp-content\/uploads\/2021\/04\/Chrystus-zyje-300x181.png 300w, https:\/\/mlodziez.diecezja.elblag.pl\/wp-content\/uploads\/2021\/04\/Chrystus-zyje-768x462.png 768w, https:\/\/mlodziez.diecezja.elblag.pl\/wp-content\/uploads\/2021\/04\/Chrystus-zyje-1536x925.png 1536w, https:\/\/mlodziez.diecezja.elblag.pl\/wp-content\/uploads\/2021\/04\/Chrystus-zyje-2048x1233.png 2048w\" sizes=\"(max-width: 1024px) 100vw, 1024px\" \/><\/figure>\n\n\n\n<p><strong>Drodzy M\u0142odzi!<\/strong><\/p>\n\n\n\n<p><strong>Tak wielu z Was posiada wspania\u0142e talenty, kt\u00f3rymi obdarzy\u0142 Was B\u00f3g. Zapewne mieli\u015bcie ju\u017c wiele okazji aby dzieli\u0107 si\u0119 nimi z najbli\u017cszymi. Jest to bardzo dobre, kiedy nie zatrzymujemy jedynie dla siebie tego, czym mo\u017cemy ubogaci\u0107 \u015bwiat.<br><br>W okresie Wielkanocnym &#8211; kiedy jako katolicy w szczeg\u00f3lny spos\u00f3b do\u015bwiadczamy spotkania ze Zmartwychwsta\u0142ym Jezusem &#8211; zapraszamy do podzielenia si\u0119 z innymi Waszymi talentami graficznymi. Oto szczeg\u00f3\u0142y propozycji Duszpasterstwa M\u0142odzie\u017cy Diecezji Elbl\u0105skiej:<\/strong><\/p>\n\n\n\n<ol class=\"wp-block-list\" type=\"1\"><li><span style=\"color:#09303f\" class=\"has-inline-color\">Duszpasterstwo M\u0142odzie\u017cy Diecezji Elbl\u0105skiej zaprasza do wsp\u00f3\u0142tworzenia projektu <\/span><br><span style=\"color:#09303f\" class=\"has-inline-color\"><strong>\u201eChrystus \u017cyje! Galeria grafiki m\u0142odzie\u017cowej\u201d<\/strong>.<\/span><\/li><li><span style=\"color:#09303f\" class=\"has-inline-color\">Zadaniem os\u00f3b, kt\u00f3re chc\u0105 wzi\u0105\u0107 w nim udzia\u0142 jest przygotowanie prac graficznych: zdj\u0119cia, rysunku, komiksu, memu, kola\u017cu, grafiki itp. na jeden z poni\u017cszych temat\u00f3w:<br><br><\/span><strong><span class=\"has-inline-color has-vivid-cyan-blue-color\">a. Jak spotka\u0142em\/spotka\u0142am \u017cyj\u0105cego Jezusa?<br>b. Co dobrego robi\u0119 dla innych jako ucze\u0144 Jezusa?<\/span><\/strong><br><br><span style=\"color:#09303f\" class=\"has-inline-color\"><\/span><\/li><li><span style=\"color:#09303f\" class=\"has-inline-color\">Propozycja ta jest przeznaczona dla m\u0142odzie\u017cy szk\u00f3\u0142 \u015brednich oraz student\u00f3w do 26. roku \u017cycia mieszkaj\u0105cych na ternie diecezji elbl\u0105skiej lub z niej pochodz\u0105cych.<\/span><\/li><li><span style=\"color:#09303f\" class=\"has-inline-color\">Grafika powinna mie\u015bci\u0107 si\u0119 na jednym arkuszu formatu A4 lub A3.<\/span><\/li><li><span style=\"color:#09303f\" class=\"has-inline-color\">Osoby chc\u0105ce wzi\u0105\u0107 udzia\u0142 w projekcie \u201eChrystus \u017cyje!\u201d musz\u0105 <strong>do 22.04.2021 wype\u0142ni\u0107 formularz zg\u0142oszeniowy,<\/strong> kt\u00f3ry znajduje si\u0119 <strong><a rel=\"noreferrer noopener\" href=\"https:\/\/docs.google.com\/forms\/d\/1cDjhUGKoU4xEdXX7Ce9aAZn3cIMk7i2SK42Y1lQc6U4\/edit\" target=\"_blank\">TU<\/a><\/strong>.<\/span><\/li><li><span style=\"color:#09303f\" class=\"has-inline-color\"><strong>Rozdzielczo\u015b\u0107 obrazu nie mo\u017ce by\u0107 mniejsza ni\u017c 3600&#215;2545 pikseli, 300dpi<\/strong>. Do pracy nale\u017cy do\u0142\u0105czy\u0107 r\u00f3wnie\u017c plik tekstowy zawieraj\u0105cy opis nades\u0142anego dzie\u0142a. <strong>Do 02.05.2021 nale\u017cy nades\u0142a\u0107 swoj\u0105 prac\u0119 graficzn\u0105<\/strong> w formie pliku jpg na adres:<br><br><a href=\"mailto:mdelblaskiej@gmail.com\">mdelblaskiej@gmail.com<\/a><\/span><br><span style=\"color:#09303f\" class=\"has-inline-color\"><br><\/span><\/li><li><span style=\"color:#09303f\" class=\"has-inline-color\">Nades\u0142ane grafiki wraz z opisami zostan\u0105 zamieszczona na profilu FB M\u0142odzie\u017c Diecezji Elbl\u0105skiej.<\/span><\/li><li><span style=\"color:#09303f\" class=\"has-inline-color\">Nades\u0142anie grafiki oznacza wyra\u017cenie zgody na jej publikacj\u0119 oraz oznaczenie autora w mediach spo\u0142eczno\u015bciowych, a tak\u017ce na jego wydruk i publiczn\u0105 prezentacj\u0119.<\/span><\/li><li><span style=\"color:#09303f\" class=\"has-inline-color\">Je\u015bli sytuacja epidemiczna na to pozwoli, uczestnicy projektu zostan\u0105 zaproszeni w ustalonym terminie na wsp\u00f3ln\u0105 modlitw\u0119 do Elbl\u0105ga oraz na prezentacje wystawy z ich pracami. Je\u015bli nie, utworzona zostanie wirtualna galeria prac przygotowanych przez m\u0142odzie\u017c.<\/span><\/li><li><span style=\"color:#09303f\" class=\"has-inline-color\">Dla wszystkich uczestnik\u00f3w projektu przewidziane s\u0105 drobne nagrody rzeczowe.<\/span><\/li><\/ol>\n","protected":false},"excerpt":{"rendered":"<p>Galeria grafiki m\u0142odzie\u017cowej Drodzy M\u0142odzi! Tak wielu z Was posiada wspania\u0142e talenty, kt\u00f3rymi obdarzy\u0142 Was B\u00f3g. Zapewne mieli\u015bcie ju\u017c wiele okazji aby dzieli\u0107 si\u0119 nimi z najbli\u017cszymi. Jest to bardzo dobre, kiedy nie zatrzymujemy jedynie dla siebie tego, czym mo\u017cemy ubogaci\u0107 \u015bwiat. W okresie Wielkanocnym &#8211; kiedy jako katolicy w szczeg\u00f3lny spos\u00f3b do\u015bwiadczamy spotkania ze [&hellip;]<\/p>\n","protected":false},"author":2,"featured_media":844,"comment_status":"closed","ping_status":"open","sticky":false,"template":"","format":"standard","meta":{"site-sidebar-layout":"default","site-content-layout":"default","ast-site-content-layout":"","site-content-style":"default","site-sidebar-style":"default","ast-global-header-display":"","ast-banner-title-visibility":"","ast-main-header-display":"","ast-hfb-above-header-display":"","ast-hfb-below-header-display":"","ast-hfb-mobile-header-display":"","site-post-title":"","ast-breadcrumbs-content":"","ast-featured-img":"","footer-sml-layout":"","theme-transparent-header-meta":"default","adv-header-id-meta":"","stick-header-meta":"","header-above-stick-meta":"","header-main-stick-meta":"","header-below-stick-meta":"","astra-migrate-meta-layouts":"default","ast-page-background-enabled":"default","ast-page-background-meta":{"desktop":{"background-color":"var(--ast-global-color-4)","background-image":"","background-repeat":"repeat","background-position":"center center","background-size":"auto","background-attachment":"scroll","background-type":"","background-media":"","overlay-type":"","overlay-color":"","overlay-opacity":"","overlay-gradient":""},"tablet":{"background-color":"","background-image":"","background-repeat":"repeat","background-position":"center center","background-size":"auto","background-attachment":"scroll","background-type":"","background-media":"","overlay-type":"","overlay-color":"","overlay-opacity":"","overlay-gradient":""},"mobile":{"background-color":"","background-image":"","background-repeat":"repeat","background-position":"center center","background-size":"auto","background-attachment":"scroll","background-type":"","background-media":"","overlay-type":"","overlay-color":"","overlay-opacity":"","overlay-gradient":""}},"ast-content-background-meta":{"desktop":{"background-color":"var(--ast-global-color-5)","background-image":"","background-repeat":"repeat","background-position":"center center","background-size":"auto","background-attachment":"scroll","background-type":"","background-media":"","overlay-type":"","overlay-color":"","overlay-opacity":"","overlay-gradient":""},"tablet":{"background-color":"var(--ast-global-color-5)","background-image":"","background-repeat":"repeat","background-position":"center center","background-size":"auto","background-attachment":"scroll","background-type":"","background-media":"","overlay-type":"","overlay-color":"","overlay-opacity":"","overlay-gradient":""},"mobile":{"background-color":"var(--ast-global-color-5)","background-image":"","background-repeat":"repeat","background-position":"center center","background-size":"auto","background-attachment":"scroll","background-type":"","background-media":"","overlay-type":"","overlay-color":"","overlay-opacity":"","overlay-gradient":""}},"footnotes":""},"categories":[7],"tags":[],"class_list":["post-841","post","type-post","status-publish","format-standard","has-post-thumbnail","hentry","category-aktualnosci"],"_links":{"self":[{"href":"https:\/\/mlodziez.diecezja.elblag.pl\/index.php\/wp-json\/wp\/v2\/posts\/841"}],"collection":[{"href":"https:\/\/mlodziez.diecezja.elblag.pl\/index.php\/wp-json\/wp\/v2\/posts"}],"about":[{"href":"https:\/\/mlodziez.diecezja.elblag.pl\/index.php\/wp-json\/wp\/v2\/types\/post"}],"author":[{"embeddable":true,"href":"https:\/\/mlodziez.diecezja.elblag.pl\/index.php\/wp-json\/wp\/v2\/users\/2"}],"replies":[{"embeddable":true,"href":"https:\/\/mlodziez.diecezja.elblag.pl\/index.php\/wp-json\/wp\/v2\/comments?post=841"}],"version-history":[{"count":6,"href":"https:\/\/mlodziez.diecezja.elblag.pl\/index.php\/wp-json\/wp\/v2\/posts\/841\/revisions"}],"predecessor-version":[{"id":856,"href":"https:\/\/mlodziez.diecezja.elblag.pl\/index.php\/wp-json\/wp\/v2\/posts\/841\/revisions\/856"}],"wp:featuredmedia":[{"embeddable":true,"href":"https:\/\/mlodziez.diecezja.elblag.pl\/index.php\/wp-json\/wp\/v2\/media\/844"}],"wp:attachment":[{"href":"https:\/\/mlodziez.diecezja.elblag.pl\/index.php\/wp-json\/wp\/v2\/media?parent=841"}],"wp:term":[{"taxonomy":"category","embeddable":true,"href":"https:\/\/mlodziez.diecezja.elblag.pl\/index.php\/wp-json\/wp\/v2\/categories?post=841"},{"taxonomy":"post_tag","embeddable":true,"href":"https:\/\/mlodziez.diecezja.elblag.pl\/index.php\/wp-json\/wp\/v2\/tags?post=841"}],"curies":[{"name":"wp","href":"https:\/\/api.w.org\/{rel}","templated":true}]}}