{"id":827,"date":"2021-03-31T12:27:12","date_gmt":"2021-03-31T10:27:12","guid":{"rendered":"http:\/\/mdelblag.pl\/?p=827"},"modified":"2021-03-31T12:36:43","modified_gmt":"2021-03-31T10:36:43","slug":"gala-konkursu-post-now","status":"publish","type":"post","link":"https:\/\/mlodziez.diecezja.elblag.pl\/index.php\/2021\/03\/31\/gala-konkursu-post-now\/","title":{"rendered":"Gala konkursu POST NOW!"},"content":{"rendered":"\n<figure class=\"wp-block-image size-large\"><img fetchpriority=\"high\" decoding=\"async\" width=\"750\" height=\"506\" src=\"http:\/\/mlodziez.diecezja.elblag.pl\/wp-content\/uploads\/2021\/03\/1.jpg\" alt=\"\" class=\"wp-image-828\" srcset=\"https:\/\/mlodziez.diecezja.elblag.pl\/wp-content\/uploads\/2021\/03\/1.jpg 750w, https:\/\/mlodziez.diecezja.elblag.pl\/wp-content\/uploads\/2021\/03\/1-300x202.jpg 300w\" sizes=\"(max-width: 750px) 100vw, 750px\" \/><\/figure>\n\n\n\n<p class=\"has-drop-cap\">Wielkopostny Konkurs Filmowy dla m\u0142odzie\u017cy POST NOW! dobieg\u0142 ju\u017c ko\u0144ca. Do udzia\u0142u w wydarzeniu zg\u0142osi\u0142o si\u0119 13 ekip, 10 nades\u0142a\u0142o swoje filmy. Etiudy filmowe przygotowane przez m\u0142odzie\u017c na samym FB dotar\u0142y do grona ok. 30.000 odbiorc\u00f3w. Serdecznie gratulujemy m\u0142odym tw\u00f3rcom.<br><br>Jury w sk\u0142adzie: p. Agata Bruchwald, p. \u0141ukasz Siano\u017c\u0119cki, ks. Micha\u0142 Mirowski, ks. Mateusz \u0141uszczykiewicz i ks. Piotr Chmura przyzna\u0142o nast\u0119puj\u0105ce miejsca:<\/p>\n\n\n\n<ol class=\"wp-block-list\"><li>Aleksandra Kosacz z filmem &#8222;Popielec&#8221;.<\/li><li>Zofia Szawara, Ksawery Synak i Adam Kruszewski z filmem &#8222;Gdzie\u015b indziej&#8221;.<\/li><li>Michalina Rozbicka i Szymon Ba\u017amierowski z filmem &#8222;Cisza&#8221;.<br><br>Nagrod\u0119 publiczno\u015bci zdobyli Barbara i Jan \u0106wikli\u0144ski z Nikol\u0105 Furma\u0144sk\u0105 i filmem &#8222;Wielki Post: sens, warto\u015b\u0107&#8221;.<br><br>Zapraszamy do obejrzenia wszystkich produkcji filmowych, kt\u00f3re znajdziesz <strong><a rel=\"noreferrer noopener\" href=\"https:\/\/www.facebook.com\/sdmdiecezjaelblaska\/videos\/?ref=page_internal\" target=\"_blank\">TU<\/a><\/strong>.<br>Nagranie z gali konkursu znajduje si\u0119 <strong><a rel=\"noreferrer noopener\" href=\"https:\/\/www.facebook.com\/613291392078241\/videos\/184817563276276\" target=\"_blank\">TU<\/a><\/strong>.<br>Relacja zamieszona w Go\u015bciu Elbl\u0105skim &#8211; <strong><a rel=\"noreferrer noopener\" href=\"https:\/\/elblag.gosc.pl\/doc\/6794196.Gala-konkursu-Post-Now\" target=\"_blank\">TU<\/a><\/strong>.<\/li><\/ol>\n","protected":false},"excerpt":{"rendered":"<p>Wielkopostny Konkurs Filmowy dla m\u0142odzie\u017cy POST NOW! dobieg\u0142 ju\u017c ko\u0144ca. Do udzia\u0142u w wydarzeniu zg\u0142osi\u0142o si\u0119 13 ekip, 10 nades\u0142a\u0142o swoje filmy. Etiudy filmowe przygotowane przez m\u0142odzie\u017c na samym FB dotar\u0142y do grona ok. 30.000 odbiorc\u00f3w. Serdecznie gratulujemy m\u0142odym tw\u00f3rcom. Jury w sk\u0142adzie: p. Agata Bruchwald, p. \u0141ukasz Siano\u017c\u0119cki, ks. Micha\u0142 Mirowski, ks. Mateusz \u0141uszczykiewicz [&hellip;]<\/p>\n","protected":false},"author":2,"featured_media":828,"comment_status":"closed","ping_status":"open","sticky":true,"template":"","format":"standard","meta":{"site-sidebar-layout":"default","site-content-layout":"default","ast-site-content-layout":"","site-content-style":"default","site-sidebar-style":"default","ast-global-header-display":"","ast-banner-title-visibility":"","ast-main-header-display":"","ast-hfb-above-header-display":"","ast-hfb-below-header-display":"","ast-hfb-mobile-header-display":"","site-post-title":"","ast-breadcrumbs-content":"","ast-featured-img":"","footer-sml-layout":"","theme-transparent-header-meta":"default","adv-header-id-meta":"","stick-header-meta":"","header-above-stick-meta":"","header-main-stick-meta":"","header-below-stick-meta":"","astra-migrate-meta-layouts":"default","ast-page-background-enabled":"default","ast-page-background-meta":{"desktop":{"background-color":"var(--ast-global-color-4)","background-image":"","background-repeat":"repeat","background-position":"center center","background-size":"auto","background-attachment":"scroll","background-type":"","background-media":"","overlay-type":"","overlay-color":"","overlay-opacity":"","overlay-gradient":""},"tablet":{"background-color":"","background-image":"","background-repeat":"repeat","background-position":"center center","background-size":"auto","background-attachment":"scroll","background-type":"","background-media":"","overlay-type":"","overlay-color":"","overlay-opacity":"","overlay-gradient":""},"mobile":{"background-color":"","background-image":"","background-repeat":"repeat","background-position":"center center","background-size":"auto","background-attachment":"scroll","background-type":"","background-media":"","overlay-type":"","overlay-color":"","overlay-opacity":"","overlay-gradient":""}},"ast-content-background-meta":{"desktop":{"background-color":"var(--ast-global-color-5)","background-image":"","background-repeat":"repeat","background-position":"center center","background-size":"auto","background-attachment":"scroll","background-type":"","background-media":"","overlay-type":"","overlay-color":"","overlay-opacity":"","overlay-gradient":""},"tablet":{"background-color":"var(--ast-global-color-5)","background-image":"","background-repeat":"repeat","background-position":"center center","background-size":"auto","background-attachment":"scroll","background-type":"","background-media":"","overlay-type":"","overlay-color":"","overlay-opacity":"","overlay-gradient":""},"mobile":{"background-color":"var(--ast-global-color-5)","background-image":"","background-repeat":"repeat","background-position":"center center","background-size":"auto","background-attachment":"scroll","background-type":"","background-media":"","overlay-type":"","overlay-color":"","overlay-opacity":"","overlay-gradient":""}},"footnotes":""},"categories":[7],"tags":[],"class_list":["post-827","post","type-post","status-publish","format-standard","has-post-thumbnail","hentry","category-aktualnosci"],"_links":{"self":[{"href":"https:\/\/mlodziez.diecezja.elblag.pl\/index.php\/wp-json\/wp\/v2\/posts\/827"}],"collection":[{"href":"https:\/\/mlodziez.diecezja.elblag.pl\/index.php\/wp-json\/wp\/v2\/posts"}],"about":[{"href":"https:\/\/mlodziez.diecezja.elblag.pl\/index.php\/wp-json\/wp\/v2\/types\/post"}],"author":[{"embeddable":true,"href":"https:\/\/mlodziez.diecezja.elblag.pl\/index.php\/wp-json\/wp\/v2\/users\/2"}],"replies":[{"embeddable":true,"href":"https:\/\/mlodziez.diecezja.elblag.pl\/index.php\/wp-json\/wp\/v2\/comments?post=827"}],"version-history":[{"count":2,"href":"https:\/\/mlodziez.diecezja.elblag.pl\/index.php\/wp-json\/wp\/v2\/posts\/827\/revisions"}],"predecessor-version":[{"id":830,"href":"https:\/\/mlodziez.diecezja.elblag.pl\/index.php\/wp-json\/wp\/v2\/posts\/827\/revisions\/830"}],"wp:featuredmedia":[{"embeddable":true,"href":"https:\/\/mlodziez.diecezja.elblag.pl\/index.php\/wp-json\/wp\/v2\/media\/828"}],"wp:attachment":[{"href":"https:\/\/mlodziez.diecezja.elblag.pl\/index.php\/wp-json\/wp\/v2\/media?parent=827"}],"wp:term":[{"taxonomy":"category","embeddable":true,"href":"https:\/\/mlodziez.diecezja.elblag.pl\/index.php\/wp-json\/wp\/v2\/categories?post=827"},{"taxonomy":"post_tag","embeddable":true,"href":"https:\/\/mlodziez.diecezja.elblag.pl\/index.php\/wp-json\/wp\/v2\/tags?post=827"}],"curies":[{"name":"wp","href":"https:\/\/api.w.org\/{rel}","templated":true}]}}