{"id":809,"date":"2021-03-15T13:20:05","date_gmt":"2021-03-15T12:20:05","guid":{"rendered":"http:\/\/mdelblag.pl\/?p=809"},"modified":"2021-03-15T13:20:07","modified_gmt":"2021-03-15T12:20:07","slug":"droga-krzyzowa-slad-losu","status":"publish","type":"post","link":"https:\/\/mlodziez.diecezja.elblag.pl\/index.php\/2021\/03\/15\/droga-krzyzowa-slad-losu\/","title":{"rendered":"Droga Krzy\u017cowa \u015alad Losu"},"content":{"rendered":"\n<figure class=\"wp-block-image size-large\"><img fetchpriority=\"high\" decoding=\"async\" width=\"1024\" height=\"1024\" src=\"http:\/\/mlodziez.diecezja.elblag.pl\/wp-content\/uploads\/2021\/03\/160913159_3575531535907276_1969581587390030182_o-1024x1024.jpg\" alt=\"\" class=\"wp-image-810\" srcset=\"https:\/\/mlodziez.diecezja.elblag.pl\/wp-content\/uploads\/2021\/03\/160913159_3575531535907276_1969581587390030182_o-1024x1024.jpg 1024w, https:\/\/mlodziez.diecezja.elblag.pl\/wp-content\/uploads\/2021\/03\/160913159_3575531535907276_1969581587390030182_o-300x300.jpg 300w, https:\/\/mlodziez.diecezja.elblag.pl\/wp-content\/uploads\/2021\/03\/160913159_3575531535907276_1969581587390030182_o-150x150.jpg 150w, https:\/\/mlodziez.diecezja.elblag.pl\/wp-content\/uploads\/2021\/03\/160913159_3575531535907276_1969581587390030182_o-768x768.jpg 768w, https:\/\/mlodziez.diecezja.elblag.pl\/wp-content\/uploads\/2021\/03\/160913159_3575531535907276_1969581587390030182_o.jpg 1080w\" sizes=\"(max-width: 1024px) 100vw, 1024px\" \/><\/figure>\n\n\n\n<p>27 marca w Elbl\u0105gu, 31 w Malborku &#8211; wsp\u00f3lnie rozwa\u017cajmy m\u0119k\u0119 Pana podczas \u015bpiewanej drogi krzy\u017cowej \u015alad Losu. Przygotuj\u0105 j\u0105 dla nas kap\u0142ani i m\u0142odzie\u017c z Malborka, Sztumu i Elbl\u0105ga.<\/p>\n\n\n\n<p>Wi\u0119cej informacji o \u015aladzie Losu znajdziesz na <strong><a href=\"https:\/\/www.facebook.com\/events\/3324490204319455?active_tab=about\" target=\"_blank\" rel=\"noreferrer noopener\">FB<\/a><\/strong>.<\/p>\n","protected":false},"excerpt":{"rendered":"<p>27 marca w Elbl\u0105gu, 31 w Malborku &#8211; wsp\u00f3lnie rozwa\u017cajmy m\u0119k\u0119 Pana podczas \u015bpiewanej drogi krzy\u017cowej \u015alad Losu. Przygotuj\u0105 j\u0105 dla nas kap\u0142ani i m\u0142odzie\u017c z Malborka, Sztumu i Elbl\u0105ga. Wi\u0119cej informacji o \u015aladzie Losu znajdziesz na FB.<\/p>\n","protected":false},"author":2,"featured_media":810,"comment_status":"closed","ping_status":"open","sticky":true,"template":"","format":"standard","meta":{"site-sidebar-layout":"default","site-content-layout":"default","ast-site-content-layout":"","site-content-style":"default","site-sidebar-style":"default","ast-global-header-display":"","ast-banner-title-visibility":"","ast-main-header-display":"","ast-hfb-above-header-display":"","ast-hfb-below-header-display":"","ast-hfb-mobile-header-display":"","site-post-title":"","ast-breadcrumbs-content":"","ast-featured-img":"","footer-sml-layout":"","theme-transparent-header-meta":"default","adv-header-id-meta":"","stick-header-meta":"","header-above-stick-meta":"","header-main-stick-meta":"","header-below-stick-meta":"","astra-migrate-meta-layouts":"default","ast-page-background-enabled":"default","ast-page-background-meta":{"desktop":{"background-color":"var(--ast-global-color-4)","background-image":"","background-repeat":"repeat","background-position":"center center","background-size":"auto","background-attachment":"scroll","background-type":"","background-media":"","overlay-type":"","overlay-color":"","overlay-opacity":"","overlay-gradient":""},"tablet":{"background-color":"","background-image":"","background-repeat":"repeat","background-position":"center center","background-size":"auto","background-attachment":"scroll","background-type":"","background-media":"","overlay-type":"","overlay-color":"","overlay-opacity":"","overlay-gradient":""},"mobile":{"background-color":"","background-image":"","background-repeat":"repeat","background-position":"center center","background-size":"auto","background-attachment":"scroll","background-type":"","background-media":"","overlay-type":"","overlay-color":"","overlay-opacity":"","overlay-gradient":""}},"ast-content-background-meta":{"desktop":{"background-color":"var(--ast-global-color-5)","background-image":"","background-repeat":"repeat","background-position":"center center","background-size":"auto","background-attachment":"scroll","background-type":"","background-media":"","overlay-type":"","overlay-color":"","overlay-opacity":"","overlay-gradient":""},"tablet":{"background-color":"var(--ast-global-color-5)","background-image":"","background-repeat":"repeat","background-position":"center center","background-size":"auto","background-attachment":"scroll","background-type":"","background-media":"","overlay-type":"","overlay-color":"","overlay-opacity":"","overlay-gradient":""},"mobile":{"background-color":"var(--ast-global-color-5)","background-image":"","background-repeat":"repeat","background-position":"center center","background-size":"auto","background-attachment":"scroll","background-type":"","background-media":"","overlay-type":"","overlay-color":"","overlay-opacity":"","overlay-gradient":""}},"footnotes":""},"categories":[7],"tags":[],"class_list":["post-809","post","type-post","status-publish","format-standard","has-post-thumbnail","hentry","category-aktualnosci"],"_links":{"self":[{"href":"https:\/\/mlodziez.diecezja.elblag.pl\/index.php\/wp-json\/wp\/v2\/posts\/809"}],"collection":[{"href":"https:\/\/mlodziez.diecezja.elblag.pl\/index.php\/wp-json\/wp\/v2\/posts"}],"about":[{"href":"https:\/\/mlodziez.diecezja.elblag.pl\/index.php\/wp-json\/wp\/v2\/types\/post"}],"author":[{"embeddable":true,"href":"https:\/\/mlodziez.diecezja.elblag.pl\/index.php\/wp-json\/wp\/v2\/users\/2"}],"replies":[{"embeddable":true,"href":"https:\/\/mlodziez.diecezja.elblag.pl\/index.php\/wp-json\/wp\/v2\/comments?post=809"}],"version-history":[{"count":1,"href":"https:\/\/mlodziez.diecezja.elblag.pl\/index.php\/wp-json\/wp\/v2\/posts\/809\/revisions"}],"predecessor-version":[{"id":811,"href":"https:\/\/mlodziez.diecezja.elblag.pl\/index.php\/wp-json\/wp\/v2\/posts\/809\/revisions\/811"}],"wp:featuredmedia":[{"embeddable":true,"href":"https:\/\/mlodziez.diecezja.elblag.pl\/index.php\/wp-json\/wp\/v2\/media\/810"}],"wp:attachment":[{"href":"https:\/\/mlodziez.diecezja.elblag.pl\/index.php\/wp-json\/wp\/v2\/media?parent=809"}],"wp:term":[{"taxonomy":"category","embeddable":true,"href":"https:\/\/mlodziez.diecezja.elblag.pl\/index.php\/wp-json\/wp\/v2\/categories?post=809"},{"taxonomy":"post_tag","embeddable":true,"href":"https:\/\/mlodziez.diecezja.elblag.pl\/index.php\/wp-json\/wp\/v2\/tags?post=809"}],"curies":[{"name":"wp","href":"https:\/\/api.w.org\/{rel}","templated":true}]}}