{"id":775,"date":"2021-02-17T12:21:23","date_gmt":"2021-02-17T11:21:23","guid":{"rendered":"http:\/\/mdelblag.pl\/?p=775"},"modified":"2021-03-10T15:46:17","modified_gmt":"2021-03-10T14:46:17","slug":"post-now","status":"publish","type":"post","link":"https:\/\/mlodziez.diecezja.elblag.pl\/index.php\/2021\/02\/17\/post-now\/","title":{"rendered":"POST NOW!"},"content":{"rendered":"\n<figure class=\"wp-block-gallery columns-1 is-cropped wp-block-gallery-1 is-layout-flex wp-block-gallery-is-layout-flex\"><ul class=\"blocks-gallery-grid\"><li class=\"blocks-gallery-item\"><figure><img fetchpriority=\"high\" decoding=\"async\" width=\"1024\" height=\"328\" src=\"http:\/\/mlodziez.diecezja.elblag.pl\/wp-content\/uploads\/2021\/02\/Plik-zdjeciowy-1024x328.png\" alt=\"\" data-id=\"773\" data-full-url=\"http:\/\/mlodziez.diecezja.elblag.pl\/wp-content\/uploads\/2021\/02\/Plik-zdjeciowy.png\" data-link=\"http:\/\/mlodziez.diecezja.elblag.pl\/index.php\/__trashed\/plik-zdjeciowy\/\" class=\"wp-image-773\" srcset=\"https:\/\/mlodziez.diecezja.elblag.pl\/wp-content\/uploads\/2021\/02\/Plik-zdjeciowy-1024x328.png 1024w, https:\/\/mlodziez.diecezja.elblag.pl\/wp-content\/uploads\/2021\/02\/Plik-zdjeciowy-300x96.png 300w, https:\/\/mlodziez.diecezja.elblag.pl\/wp-content\/uploads\/2021\/02\/Plik-zdjeciowy-768x246.png 768w, https:\/\/mlodziez.diecezja.elblag.pl\/wp-content\/uploads\/2021\/02\/Plik-zdjeciowy-1536x493.png 1536w, https:\/\/mlodziez.diecezja.elblag.pl\/wp-content\/uploads\/2021\/02\/Plik-zdjeciowy-2048x657.png 2048w\" sizes=\"(max-width: 1024px) 100vw, 1024px\" \/><\/figure><\/li><\/ul><\/figure>\n\n\n\n<p class=\"has-text-align-center\" style=\"font-size:28px\"><strong><span class=\"has-inline-color has-vivid-cyan-blue-color\">Duszpasterstwo M\u0142odzie\u017cy Diecezji Elbl\u0105skiej <\/span><\/strong><br><strong><span class=\"has-inline-color has-vivid-cyan-blue-color\">zaprasza do wzi\u0119cia udzia\u0142u <\/span><\/strong><br><strong><span class=\"has-inline-color has-vivid-cyan-blue-color\">w Wielkopostnym Konkursie Filmowym POST NOW!<\/span><\/strong><\/p>\n\n\n\n<p style=\"font-size:21px\">W ramach konkursu m\u0142odzie\u017c szk\u00f3\u0142 \u015brednich oraz studenci przygotuj\u0105 kr\u00f3tkie filmiki, <br>w kt\u00f3rych zostanie przedstawiona warto\u015b\u0107 i sens Wielkiego Postu.<\/p>\n\n\n\n<p style=\"font-size:21px\">Patronat honorowy nad konkursem obj\u0105\u0142 Ksi\u0105dz Biskup Elbl\u0105ski dr Jacek Jezierski.<br><br>Zach\u0119camy do zapoznania si\u0119 z regulaminem i szczeg\u00f3\u0142ami konkursu:<br><br>REGULAMIN WIELKOPOSTNEGO KONKURSU FILMOWEGO POST NOW!<\/p>\n\n\n\n<ol class=\"wp-block-list\" type=\"1\"><li>Organizatorem Wielkopostnego Konkursu Filmowego jest Duszpasterstwo M\u0142odzie\u017cy Diecezji Elbl\u0105skiej.<\/li><li>W konkursie mog\u0105 wzi\u0105\u0107 uczniowie szk\u00f3\u0142 \u015brednich oraz studenci do 26. roku \u017cycia pochodz\u0105cy, mieszkaj\u0105cy lub ucz\u0105cy si\u0119 na terenie diecezji elbl\u0105skiej.<\/li><li>Uczestnicy konkursu przygotowuj\u0105 autorski film.<\/li><li>Mog\u0105 dokona\u0107 tego indywidualnie, w 2 lub 3 osobowych zespo\u0142ach.<\/li><li>Aby wzi\u0105\u0107 udzia\u0142 w konkursie <strong>do 05.03.2021 nale\u017cy wys\u0142a\u0107 swoje zg\u0142oszenie<\/strong> wype\u0142nione w formularzu Google (OBECNIE TERMIN WYSY\u0141ANIA ZG\u0141OSZE\u0143 JU\u017b MIN\u0104\u0141; UDZIA\u0141 W KONKURSIE ZG\u0141OSI\u0141O 13 EKIP).<\/li><li>Wys\u0142anie zg\u0142oszenia na wskazany adres oznacza akceptacj\u0119 regulaminu konkursu oraz zgod\u0119 na publikacj\u0119 filmu z oznaczeniem jego autor\u00f3w jak i na przetwarzanie danych osobowych zgodnie z wytycznymi zamieszczonymi na stronie internetowej mlodziez.diecezja.elblag.pl .<\/li><li>Uczestnicy konkursu maj\u0105 za zadania przygotowa\u0107 2-3 minutowy filmik nt. Wielkiego Postu. Mog\u0105 zwr\u00f3ci\u0107 uwag\u0119 na to, czym w zasadzie on jest, co daje wsp\u00f3\u0142czesnemu cz\u0142owiekowi, jak i dlaczego go prze\u017cywa\u0107. W konsekwencji filmiki powinny ukaza\u0107 Wielki Post jako czas warto\u015bciowy lub zwr\u00f3ci\u0107 uwag\u0119 na to, jak go wykorzysta\u0107 dla rozwoju duchowego<\/li><li><strong>Ostateczny termin nadsy\u0142ania film\u00f3w up\u0142ywa w pi\u0105tek 19.03.2021 o godz. 23:59.<\/strong><\/li><li>Filmy nale\u017cy przes\u0142a\u0107 na prywatny Dysk Google i udost\u0119pni\u0107 organizatorowi wysy\u0142aj\u0105c link na adres: <a href=\"mailto:mdelblaskiej@gmail.com\">mdelblaskiej@gmail.com<\/a>.<\/li><li>Nades\u0142ane filmy b\u0119d\u0105 sukcesywnie udost\u0119pniane na stronach M\u0142odzie\u017c Diecezji Elbl\u0105skiej funkcjonuj\u0105cych na portalach Facebook i YouTube.<\/li><li>Filmy zostan\u0105 ocenione przez powo\u0142an\u0105 ku temu przez organizatora komisj\u0119.<\/li><li>Je\u015bli sytuacja epidemiczna na to pozwoli, wyniki zostan\u0105 og\u0142oszone podczas gali dla uczestnik\u00f3w konkursu w <strong>Wielki Wtorek 30.03.2021<\/strong>. W innym wypadku tego dnia odb\u0119dzie si\u0119 gala online z og\u0142oszeniem wynik\u00f3w.<\/li><li>Zwyci\u0119zcy 3 pierwszych miejsc otrzymaj\u0105 wybrane nagrody: drony DJI Ryze Tello, Instaxy lub smartwatche firmy Xiaomi. Wszyscy pozostali uczestnicy konkursu otrzymaj\u0105 nagrody pocieszenia.<\/li><\/ol>\n\n\n\n<p>Zapraszamy do linkowania informacji o konkursie, kt\u00f3re znajdziesz na <strong><a href=\"https:\/\/www.facebook.com\/events\/243614237365555\/\" target=\"_blank\" rel=\"noreferrer noopener\">FB<\/a><\/strong>! \ud83d\ude42<\/p>\n","protected":false},"excerpt":{"rendered":"<p>Duszpasterstwo M\u0142odzie\u017cy Diecezji Elbl\u0105skiej zaprasza do wzi\u0119cia udzia\u0142u w Wielkopostnym Konkursie Filmowym POST NOW! W ramach konkursu m\u0142odzie\u017c szk\u00f3\u0142 \u015brednich oraz studenci przygotuj\u0105 kr\u00f3tkie filmiki, w kt\u00f3rych zostanie przedstawiona warto\u015b\u0107 i sens Wielkiego Postu. Patronat honorowy nad konkursem obj\u0105\u0142 Ksi\u0105dz Biskup Elbl\u0105ski dr Jacek Jezierski. Zach\u0119camy do zapoznania si\u0119 z regulaminem i szczeg\u00f3\u0142ami konkursu: REGULAMIN [&hellip;]<\/p>\n","protected":false},"author":2,"featured_media":773,"comment_status":"closed","ping_status":"open","sticky":false,"template":"","format":"standard","meta":{"site-sidebar-layout":"default","site-content-layout":"default","ast-site-content-layout":"","site-content-style":"default","site-sidebar-style":"default","ast-global-header-display":"","ast-banner-title-visibility":"","ast-main-header-display":"","ast-hfb-above-header-display":"","ast-hfb-below-header-display":"","ast-hfb-mobile-header-display":"","site-post-title":"","ast-breadcrumbs-content":"","ast-featured-img":"","footer-sml-layout":"","theme-transparent-header-meta":"default","adv-header-id-meta":"","stick-header-meta":"","header-above-stick-meta":"","header-main-stick-meta":"","header-below-stick-meta":"","astra-migrate-meta-layouts":"default","ast-page-background-enabled":"default","ast-page-background-meta":{"desktop":{"background-color":"var(--ast-global-color-4)","background-image":"","background-repeat":"repeat","background-position":"center center","background-size":"auto","background-attachment":"scroll","background-type":"","background-media":"","overlay-type":"","overlay-color":"","overlay-opacity":"","overlay-gradient":""},"tablet":{"background-color":"","background-image":"","background-repeat":"repeat","background-position":"center center","background-size":"auto","background-attachment":"scroll","background-type":"","background-media":"","overlay-type":"","overlay-color":"","overlay-opacity":"","overlay-gradient":""},"mobile":{"background-color":"","background-image":"","background-repeat":"repeat","background-position":"center center","background-size":"auto","background-attachment":"scroll","background-type":"","background-media":"","overlay-type":"","overlay-color":"","overlay-opacity":"","overlay-gradient":""}},"ast-content-background-meta":{"desktop":{"background-color":"var(--ast-global-color-5)","background-image":"","background-repeat":"repeat","background-position":"center center","background-size":"auto","background-attachment":"scroll","background-type":"","background-media":"","overlay-type":"","overlay-color":"","overlay-opacity":"","overlay-gradient":""},"tablet":{"background-color":"var(--ast-global-color-5)","background-image":"","background-repeat":"repeat","background-position":"center center","background-size":"auto","background-attachment":"scroll","background-type":"","background-media":"","overlay-type":"","overlay-color":"","overlay-opacity":"","overlay-gradient":""},"mobile":{"background-color":"var(--ast-global-color-5)","background-image":"","background-repeat":"repeat","background-position":"center center","background-size":"auto","background-attachment":"scroll","background-type":"","background-media":"","overlay-type":"","overlay-color":"","overlay-opacity":"","overlay-gradient":""}},"footnotes":""},"categories":[7],"tags":[],"class_list":["post-775","post","type-post","status-publish","format-standard","has-post-thumbnail","hentry","category-aktualnosci"],"_links":{"self":[{"href":"https:\/\/mlodziez.diecezja.elblag.pl\/index.php\/wp-json\/wp\/v2\/posts\/775"}],"collection":[{"href":"https:\/\/mlodziez.diecezja.elblag.pl\/index.php\/wp-json\/wp\/v2\/posts"}],"about":[{"href":"https:\/\/mlodziez.diecezja.elblag.pl\/index.php\/wp-json\/wp\/v2\/types\/post"}],"author":[{"embeddable":true,"href":"https:\/\/mlodziez.diecezja.elblag.pl\/index.php\/wp-json\/wp\/v2\/users\/2"}],"replies":[{"embeddable":true,"href":"https:\/\/mlodziez.diecezja.elblag.pl\/index.php\/wp-json\/wp\/v2\/comments?post=775"}],"version-history":[{"count":16,"href":"https:\/\/mlodziez.diecezja.elblag.pl\/index.php\/wp-json\/wp\/v2\/posts\/775\/revisions"}],"predecessor-version":[{"id":805,"href":"https:\/\/mlodziez.diecezja.elblag.pl\/index.php\/wp-json\/wp\/v2\/posts\/775\/revisions\/805"}],"wp:featuredmedia":[{"embeddable":true,"href":"https:\/\/mlodziez.diecezja.elblag.pl\/index.php\/wp-json\/wp\/v2\/media\/773"}],"wp:attachment":[{"href":"https:\/\/mlodziez.diecezja.elblag.pl\/index.php\/wp-json\/wp\/v2\/media?parent=775"}],"wp:term":[{"taxonomy":"category","embeddable":true,"href":"https:\/\/mlodziez.diecezja.elblag.pl\/index.php\/wp-json\/wp\/v2\/categories?post=775"},{"taxonomy":"post_tag","embeddable":true,"href":"https:\/\/mlodziez.diecezja.elblag.pl\/index.php\/wp-json\/wp\/v2\/tags?post=775"}],"curies":[{"name":"wp","href":"https:\/\/api.w.org\/{rel}","templated":true}]}}