{"id":762,"date":"2021-01-21T13:49:13","date_gmt":"2021-01-21T12:49:13","guid":{"rendered":"http:\/\/mdelblag.pl\/?p=762"},"modified":"2021-01-21T13:49:15","modified_gmt":"2021-01-21T12:49:15","slug":"czuwanie-maturzystow-diecezji-elblaskiej","status":"publish","type":"post","link":"https:\/\/mlodziez.diecezja.elblag.pl\/index.php\/2021\/01\/21\/czuwanie-maturzystow-diecezji-elblaskiej\/","title":{"rendered":"Czuwanie Maturzyst\u00f3w Diecezji Elbl\u0105skiej"},"content":{"rendered":"\n<figure class=\"wp-block-image size-large\"><img fetchpriority=\"high\" decoding=\"async\" width=\"1024\" height=\"673\" src=\"http:\/\/mlodziez.diecezja.elblag.pl\/wp-content\/uploads\/2021\/01\/Czuwanie-1024x673.jpg\" alt=\"\" class=\"wp-image-763\" srcset=\"https:\/\/mlodziez.diecezja.elblag.pl\/wp-content\/uploads\/2021\/01\/Czuwanie-1024x673.jpg 1024w, https:\/\/mlodziez.diecezja.elblag.pl\/wp-content\/uploads\/2021\/01\/Czuwanie-300x197.jpg 300w, https:\/\/mlodziez.diecezja.elblag.pl\/wp-content\/uploads\/2021\/01\/Czuwanie-768x505.jpg 768w, https:\/\/mlodziez.diecezja.elblag.pl\/wp-content\/uploads\/2021\/01\/Czuwanie.jpg 1141w\" sizes=\"(max-width: 1024px) 100vw, 1024px\" \/><\/figure>\n\n\n\n<p>Zapraszamy du udzia\u0142u w tegorocznym wyj\u0105tkowym Czuwaniu Maturzyst\u00f3w \ud83d\ude00 .<\/p>\n\n\n\n<p>Tak jak dotychczas &#8211; odb\u0119dzie si\u0119 ono na Jasnej G\u00f3rze. Do Cz\u0119stochowy mog\u0105 jednak przyjecha\u0107 jedynie zarejestrowane delegacje z poszczeg\u00f3lnych szk\u00f3\u0142. Wszystkich pozosta\u0142ych zapraszamy do skorzystania z transmisji live:<\/p>\n\n\n\n<p>21:00 Apel Jasnog\u00f3rski z rozwa\u017caniem ks. bpa Wojciecha Skibickiego oraz modlitw\u0105 m\u0142odzie\u017cy;<br>21:45 Czuwanie modlitewne ze \u015bpiewami i spowied\u017a;<br>23:00 Msza \u015bw. w intencji maturzyst\u00f3w;<br>00:00 Zako\u0144czenie czuwania i transmisji;<\/p>\n\n\n\n<p><\/p>\n\n\n\n<p>Link do wydarzenie znajdziesz <strong><a href=\"https:\/\/www.facebook.com\/events\/787478162115444?acontext=%7B%22action_history%22%3A[%7B%22surface%22%3A%22page%22%2C%22mechanism%22%3A%22page_admin_bar%22%2C%22extra_data%22%3A%22%7B%5C%22page_id%5C%22%3A613291392078241%7D%22%7D%2C%7B%22surface%22%3A%22events_admin_tool%22%2C%22mechanism%22%3A%22recommended_actions%22%2C%22extra_data%22%3A%22[]%22%7D]%2C%22has_source%22%3Atrue%7D\" target=\"_blank\" rel=\"noreferrer noopener\">TU<\/a><\/strong>.<\/p>\n","protected":false},"excerpt":{"rendered":"<p>Zapraszamy du udzia\u0142u w tegorocznym wyj\u0105tkowym Czuwaniu Maturzyst\u00f3w \ud83d\ude00 . Tak jak dotychczas &#8211; odb\u0119dzie si\u0119 ono na Jasnej G\u00f3rze. Do Cz\u0119stochowy mog\u0105 jednak przyjecha\u0107 jedynie zarejestrowane delegacje z poszczeg\u00f3lnych szk\u00f3\u0142. Wszystkich pozosta\u0142ych zapraszamy do skorzystania z transmisji live: 21:00 Apel Jasnog\u00f3rski z rozwa\u017caniem ks. bpa Wojciecha Skibickiego oraz modlitw\u0105 m\u0142odzie\u017cy;21:45 Czuwanie modlitewne ze \u015bpiewami [&hellip;]<\/p>\n","protected":false},"author":2,"featured_media":763,"comment_status":"closed","ping_status":"open","sticky":true,"template":"","format":"standard","meta":{"site-sidebar-layout":"default","site-content-layout":"default","ast-site-content-layout":"","site-content-style":"default","site-sidebar-style":"default","ast-global-header-display":"","ast-banner-title-visibility":"","ast-main-header-display":"","ast-hfb-above-header-display":"","ast-hfb-below-header-display":"","ast-hfb-mobile-header-display":"","site-post-title":"","ast-breadcrumbs-content":"","ast-featured-img":"","footer-sml-layout":"","theme-transparent-header-meta":"default","adv-header-id-meta":"","stick-header-meta":"","header-above-stick-meta":"","header-main-stick-meta":"","header-below-stick-meta":"","astra-migrate-meta-layouts":"default","ast-page-background-enabled":"default","ast-page-background-meta":{"desktop":{"background-color":"var(--ast-global-color-4)","background-image":"","background-repeat":"repeat","background-position":"center center","background-size":"auto","background-attachment":"scroll","background-type":"","background-media":"","overlay-type":"","overlay-color":"","overlay-opacity":"","overlay-gradient":""},"tablet":{"background-color":"","background-image":"","background-repeat":"repeat","background-position":"center center","background-size":"auto","background-attachment":"scroll","background-type":"","background-media":"","overlay-type":"","overlay-color":"","overlay-opacity":"","overlay-gradient":""},"mobile":{"background-color":"","background-image":"","background-repeat":"repeat","background-position":"center center","background-size":"auto","background-attachment":"scroll","background-type":"","background-media":"","overlay-type":"","overlay-color":"","overlay-opacity":"","overlay-gradient":""}},"ast-content-background-meta":{"desktop":{"background-color":"var(--ast-global-color-5)","background-image":"","background-repeat":"repeat","background-position":"center center","background-size":"auto","background-attachment":"scroll","background-type":"","background-media":"","overlay-type":"","overlay-color":"","overlay-opacity":"","overlay-gradient":""},"tablet":{"background-color":"var(--ast-global-color-5)","background-image":"","background-repeat":"repeat","background-position":"center center","background-size":"auto","background-attachment":"scroll","background-type":"","background-media":"","overlay-type":"","overlay-color":"","overlay-opacity":"","overlay-gradient":""},"mobile":{"background-color":"var(--ast-global-color-5)","background-image":"","background-repeat":"repeat","background-position":"center center","background-size":"auto","background-attachment":"scroll","background-type":"","background-media":"","overlay-type":"","overlay-color":"","overlay-opacity":"","overlay-gradient":""}},"footnotes":""},"categories":[7],"tags":[],"class_list":["post-762","post","type-post","status-publish","format-standard","has-post-thumbnail","hentry","category-aktualnosci"],"_links":{"self":[{"href":"https:\/\/mlodziez.diecezja.elblag.pl\/index.php\/wp-json\/wp\/v2\/posts\/762"}],"collection":[{"href":"https:\/\/mlodziez.diecezja.elblag.pl\/index.php\/wp-json\/wp\/v2\/posts"}],"about":[{"href":"https:\/\/mlodziez.diecezja.elblag.pl\/index.php\/wp-json\/wp\/v2\/types\/post"}],"author":[{"embeddable":true,"href":"https:\/\/mlodziez.diecezja.elblag.pl\/index.php\/wp-json\/wp\/v2\/users\/2"}],"replies":[{"embeddable":true,"href":"https:\/\/mlodziez.diecezja.elblag.pl\/index.php\/wp-json\/wp\/v2\/comments?post=762"}],"version-history":[{"count":1,"href":"https:\/\/mlodziez.diecezja.elblag.pl\/index.php\/wp-json\/wp\/v2\/posts\/762\/revisions"}],"predecessor-version":[{"id":764,"href":"https:\/\/mlodziez.diecezja.elblag.pl\/index.php\/wp-json\/wp\/v2\/posts\/762\/revisions\/764"}],"wp:featuredmedia":[{"embeddable":true,"href":"https:\/\/mlodziez.diecezja.elblag.pl\/index.php\/wp-json\/wp\/v2\/media\/763"}],"wp:attachment":[{"href":"https:\/\/mlodziez.diecezja.elblag.pl\/index.php\/wp-json\/wp\/v2\/media?parent=762"}],"wp:term":[{"taxonomy":"category","embeddable":true,"href":"https:\/\/mlodziez.diecezja.elblag.pl\/index.php\/wp-json\/wp\/v2\/categories?post=762"},{"taxonomy":"post_tag","embeddable":true,"href":"https:\/\/mlodziez.diecezja.elblag.pl\/index.php\/wp-json\/wp\/v2\/tags?post=762"}],"curies":[{"name":"wp","href":"https:\/\/api.w.org\/{rel}","templated":true}]}}