{"id":745,"date":"2020-12-19T15:23:45","date_gmt":"2020-12-19T14:23:45","guid":{"rendered":"http:\/\/mdelblag.pl\/?p=745"},"modified":"2020-12-19T15:23:47","modified_gmt":"2020-12-19T14:23:47","slug":"modlitwa-taize-w-malborku","status":"publish","type":"post","link":"https:\/\/mlodziez.diecezja.elblag.pl\/index.php\/2020\/12\/19\/modlitwa-taize-w-malborku\/","title":{"rendered":"Modlitwa Taiz\u00e9 w Malborku"},"content":{"rendered":"\n<figure class=\"wp-block-image size-large\"><img fetchpriority=\"high\" decoding=\"async\" width=\"1024\" height=\"670\" src=\"http:\/\/mlodziez.diecezja.elblag.pl\/wp-content\/uploads\/2020\/12\/Ta-1024x670.jpg\" alt=\"\" class=\"wp-image-746\" srcset=\"https:\/\/mlodziez.diecezja.elblag.pl\/wp-content\/uploads\/2020\/12\/Ta-1024x670.jpg 1024w, https:\/\/mlodziez.diecezja.elblag.pl\/wp-content\/uploads\/2020\/12\/Ta-300x196.jpg 300w, https:\/\/mlodziez.diecezja.elblag.pl\/wp-content\/uploads\/2020\/12\/Ta-768x503.jpg 768w, https:\/\/mlodziez.diecezja.elblag.pl\/wp-content\/uploads\/2020\/12\/Ta.jpg 1134w\" sizes=\"(max-width: 1024px) 100vw, 1024px\" \/><\/figure>\n\n\n\n<p>Cho\u0107 tegoroczne Europejskie Spotkanie M\u0142odych w duchu Taiz\u00e9 nie mo\u017ce doj\u015b\u0107 do skutku, spotkajmy si\u0119 w duchowej \u0142\u0105czno\u015bci korzystaj\u0105c z internetu. <\/p>\n\n\n\n<p>Parafia \u015bw. Urszuli z Malborka wraz z m\u0142odzie\u017c\u0105 i ks. Markiem Sad\u0142och\u0105 serdecznie zapraszaj\u0105 na transmisj\u0119 modlitwy wieczornej. <br>Link do wydarzenia na FB gdzie odb\u0119dzie si\u0119 transmisja live &#8211; znajdziesz <a rel=\"noreferrer noopener\" href=\"https:\/\/www.facebook.com\/events\/437814024271666\/\" target=\"_blank\"><strong><span class=\"has-inline-color has-vivid-red-color\">TU<\/span><\/strong><\/a>.<\/p>\n\n\n\n<p>Rozpocznie si\u0119 ona o godz. 19:30 i b\u0119dzie przebiega\u0142a tak, jak podczas tradycyjnego spotkania Taiz\u00e9.<\/p>\n\n\n\n<p>Zatem &#8211; <a href=\"https:\/\/www.facebook.com\/hashtag\/poczuwajmy?__eep__=6&amp;__cft__[0]=AZW8BjA0POXrNtNgscT1RSR9cCMihq_1mkSV9oanf9KQBZj_-6ceMq5Rj7DPJcNjligkKxeA3Im6vfTKdklgpqn-PAWfl3pHvR3CAPhzapzfIUSkPWEzuId4NDPOd30AXVSi1jNLpjCUHFc1mHZXWlD-J_uKIjWTTwXfcoM9kxIx6w&amp;__tn__=q\">#poczuwajmy<\/a><a href=\"https:\/\/www.facebook.com\/hashtag\/mdelblag?__eep__=6&amp;__cft__[0]=AZW8BjA0POXrNtNgscT1RSR9cCMihq_1mkSV9oanf9KQBZj_-6ceMq5Rj7DPJcNjligkKxeA3Im6vfTKdklgpqn-PAWfl3pHvR3CAPhzapzfIUSkPWEzuId4NDPOd30AXVSi1jNLpjCUHFc1mHZXWlD-J_uKIjWTTwXfcoM9kxIx6w&amp;__tn__=q\">  #mdelblag<\/a>  <img decoding=\"async\" width=\"16\" height=\"16\" alt=\"\ud83d\ude03\" src=\"https:\/\/static.xx.fbcdn.net\/images\/emoji.php\/v9\/t51\/1\/16\/1f603.png\"><\/p>\n","protected":false},"excerpt":{"rendered":"<p>Cho\u0107 tegoroczne Europejskie Spotkanie M\u0142odych w duchu Taiz\u00e9 nie mo\u017ce doj\u015b\u0107 do skutku, spotkajmy si\u0119 w duchowej \u0142\u0105czno\u015bci korzystaj\u0105c z internetu. Parafia \u015bw. Urszuli z Malborka wraz z m\u0142odzie\u017c\u0105 i ks. Markiem Sad\u0142och\u0105 serdecznie zapraszaj\u0105 na transmisj\u0119 modlitwy wieczornej. Link do wydarzenia na FB gdzie odb\u0119dzie si\u0119 transmisja live &#8211; znajdziesz TU. Rozpocznie si\u0119 ona [&hellip;]<\/p>\n","protected":false},"author":2,"featured_media":746,"comment_status":"closed","ping_status":"open","sticky":true,"template":"","format":"standard","meta":{"site-sidebar-layout":"default","site-content-layout":"default","ast-site-content-layout":"","site-content-style":"default","site-sidebar-style":"default","ast-global-header-display":"","ast-banner-title-visibility":"","ast-main-header-display":"","ast-hfb-above-header-display":"","ast-hfb-below-header-display":"","ast-hfb-mobile-header-display":"","site-post-title":"","ast-breadcrumbs-content":"","ast-featured-img":"","footer-sml-layout":"","theme-transparent-header-meta":"default","adv-header-id-meta":"","stick-header-meta":"","header-above-stick-meta":"","header-main-stick-meta":"","header-below-stick-meta":"","astra-migrate-meta-layouts":"default","ast-page-background-enabled":"default","ast-page-background-meta":{"desktop":{"background-color":"var(--ast-global-color-4)","background-image":"","background-repeat":"repeat","background-position":"center center","background-size":"auto","background-attachment":"scroll","background-type":"","background-media":"","overlay-type":"","overlay-color":"","overlay-opacity":"","overlay-gradient":""},"tablet":{"background-color":"","background-image":"","background-repeat":"repeat","background-position":"center center","background-size":"auto","background-attachment":"scroll","background-type":"","background-media":"","overlay-type":"","overlay-color":"","overlay-opacity":"","overlay-gradient":""},"mobile":{"background-color":"","background-image":"","background-repeat":"repeat","background-position":"center center","background-size":"auto","background-attachment":"scroll","background-type":"","background-media":"","overlay-type":"","overlay-color":"","overlay-opacity":"","overlay-gradient":""}},"ast-content-background-meta":{"desktop":{"background-color":"var(--ast-global-color-5)","background-image":"","background-repeat":"repeat","background-position":"center center","background-size":"auto","background-attachment":"scroll","background-type":"","background-media":"","overlay-type":"","overlay-color":"","overlay-opacity":"","overlay-gradient":""},"tablet":{"background-color":"var(--ast-global-color-5)","background-image":"","background-repeat":"repeat","background-position":"center center","background-size":"auto","background-attachment":"scroll","background-type":"","background-media":"","overlay-type":"","overlay-color":"","overlay-opacity":"","overlay-gradient":""},"mobile":{"background-color":"var(--ast-global-color-5)","background-image":"","background-repeat":"repeat","background-position":"center center","background-size":"auto","background-attachment":"scroll","background-type":"","background-media":"","overlay-type":"","overlay-color":"","overlay-opacity":"","overlay-gradient":""}},"footnotes":""},"categories":[7],"tags":[],"class_list":["post-745","post","type-post","status-publish","format-standard","has-post-thumbnail","hentry","category-aktualnosci"],"_links":{"self":[{"href":"https:\/\/mlodziez.diecezja.elblag.pl\/index.php\/wp-json\/wp\/v2\/posts\/745"}],"collection":[{"href":"https:\/\/mlodziez.diecezja.elblag.pl\/index.php\/wp-json\/wp\/v2\/posts"}],"about":[{"href":"https:\/\/mlodziez.diecezja.elblag.pl\/index.php\/wp-json\/wp\/v2\/types\/post"}],"author":[{"embeddable":true,"href":"https:\/\/mlodziez.diecezja.elblag.pl\/index.php\/wp-json\/wp\/v2\/users\/2"}],"replies":[{"embeddable":true,"href":"https:\/\/mlodziez.diecezja.elblag.pl\/index.php\/wp-json\/wp\/v2\/comments?post=745"}],"version-history":[{"count":1,"href":"https:\/\/mlodziez.diecezja.elblag.pl\/index.php\/wp-json\/wp\/v2\/posts\/745\/revisions"}],"predecessor-version":[{"id":747,"href":"https:\/\/mlodziez.diecezja.elblag.pl\/index.php\/wp-json\/wp\/v2\/posts\/745\/revisions\/747"}],"wp:featuredmedia":[{"embeddable":true,"href":"https:\/\/mlodziez.diecezja.elblag.pl\/index.php\/wp-json\/wp\/v2\/media\/746"}],"wp:attachment":[{"href":"https:\/\/mlodziez.diecezja.elblag.pl\/index.php\/wp-json\/wp\/v2\/media?parent=745"}],"wp:term":[{"taxonomy":"category","embeddable":true,"href":"https:\/\/mlodziez.diecezja.elblag.pl\/index.php\/wp-json\/wp\/v2\/categories?post=745"},{"taxonomy":"post_tag","embeddable":true,"href":"https:\/\/mlodziez.diecezja.elblag.pl\/index.php\/wp-json\/wp\/v2\/tags?post=745"}],"curies":[{"name":"wp","href":"https:\/\/api.w.org\/{rel}","templated":true}]}}