{"id":713,"date":"2020-11-28T09:49:06","date_gmt":"2020-11-28T08:49:06","guid":{"rendered":"http:\/\/mdelblag.pl\/?p=713"},"modified":"2020-12-03T14:15:28","modified_gmt":"2020-12-03T13:15:28","slug":"krag-biblijny-dla-mlodziezy-2","status":"publish","type":"post","link":"https:\/\/mlodziez.diecezja.elblag.pl\/index.php\/2020\/11\/28\/krag-biblijny-dla-mlodziezy-2\/","title":{"rendered":"Kr\u0105g biblijny dla m\u0142odzie\u017cy 04.12.2020."},"content":{"rendered":"\n<figure class=\"wp-block-gallery columns-1 is-cropped wp-block-gallery-1 is-layout-flex wp-block-gallery-is-layout-flex\"><ul class=\"blocks-gallery-grid\"><li class=\"blocks-gallery-item\"><figure><img fetchpriority=\"high\" decoding=\"async\" width=\"1024\" height=\"768\" src=\"http:\/\/mlodziez.diecezja.elblag.pl\/wp-content\/uploads\/2020\/11\/2-1024x768.jpg\" alt=\"\" data-id=\"714\" data-full-url=\"http:\/\/mlodziez.diecezja.elblag.pl\/wp-content\/uploads\/2020\/11\/2.jpg\" data-link=\"http:\/\/mlodziez.diecezja.elblag.pl\/?attachment_id=714\" class=\"wp-image-714\" srcset=\"https:\/\/mlodziez.diecezja.elblag.pl\/wp-content\/uploads\/2020\/11\/2-1024x768.jpg 1024w, https:\/\/mlodziez.diecezja.elblag.pl\/wp-content\/uploads\/2020\/11\/2-300x225.jpg 300w, https:\/\/mlodziez.diecezja.elblag.pl\/wp-content\/uploads\/2020\/11\/2-768x576.jpg 768w, https:\/\/mlodziez.diecezja.elblag.pl\/wp-content\/uploads\/2020\/11\/2-1536x1152.jpg 1536w, https:\/\/mlodziez.diecezja.elblag.pl\/wp-content\/uploads\/2020\/11\/2.jpg 2048w\" sizes=\"(max-width: 1024px) 100vw, 1024px\" \/><\/figure><\/li><\/ul><\/figure>\n\n\n\n<p>W kolejny pi\u0105tek Adwentu &#8211; 04.12. &#8211; zapraszamy na drugi kr\u0105g biblijny dla m\u0142odzie\u017cy \ud83d\ude42 . O godz. 18:45 rozpoczniemy transmisj\u0119 live na profilu FB M\u0142odzie\u017c Diecezji Elbl\u0105skiej. <\/p>\n\n\n\n<p>Aby dobrze prze\u017cy\u0107 ten czas:<\/p>\n\n\n\n<ol class=\"wp-block-list\"><li>Przeczytaj wcze\u015bniej czytanie biblijne, kt\u00f3rymi si\u0119 zajmiemy &#8211; ich tekst znajdziesz <a rel=\"noreferrer noopener\" href=\"https:\/\/niezbednik.niedziela.pl\/liturgia\/2020-12-06\" target=\"_blank\"><strong>TU<\/strong><\/a>.<\/li><li>Zastan\u00f3w si\u0119 nad tym, o czym m\u00f3wi\u0105 te teksty?<\/li><li>Pomy\u015bl, czy nie rodz\u0105 one w Tobie pyta\u0144. Mo\u017cesz je zada\u0107 wpisuj\u0105c komentarz w trakcie trwania transmisji.<\/li><\/ol>\n\n\n\n<p>Do zobaczenia na Facebookowej ambonie! \ud83d\ude00<\/p>\n\n\n\n<p>Link do wydarzenia znajdziesz <strong><a href=\"https:\/\/www.facebook.com\/events\/732927877315490\/\" target=\"_blank\" rel=\"noreferrer noopener\">TU<\/a><\/strong>.<\/p>\n","protected":false},"excerpt":{"rendered":"<p>W kolejny pi\u0105tek Adwentu &#8211; 04.12. &#8211; zapraszamy na drugi kr\u0105g biblijny dla m\u0142odzie\u017cy \ud83d\ude42 . O godz. 18:45 rozpoczniemy transmisj\u0119 live na profilu FB M\u0142odzie\u017c Diecezji Elbl\u0105skiej. Aby dobrze prze\u017cy\u0107 ten czas: Przeczytaj wcze\u015bniej czytanie biblijne, kt\u00f3rymi si\u0119 zajmiemy &#8211; ich tekst znajdziesz TU. Zastan\u00f3w si\u0119 nad tym, o czym m\u00f3wi\u0105 te teksty? Pomy\u015bl, [&hellip;]<\/p>\n","protected":false},"author":2,"featured_media":714,"comment_status":"closed","ping_status":"open","sticky":true,"template":"","format":"standard","meta":{"site-sidebar-layout":"default","site-content-layout":"default","ast-site-content-layout":"","site-content-style":"default","site-sidebar-style":"default","ast-global-header-display":"","ast-banner-title-visibility":"","ast-main-header-display":"","ast-hfb-above-header-display":"","ast-hfb-below-header-display":"","ast-hfb-mobile-header-display":"","site-post-title":"","ast-breadcrumbs-content":"","ast-featured-img":"","footer-sml-layout":"","theme-transparent-header-meta":"default","adv-header-id-meta":"","stick-header-meta":"","header-above-stick-meta":"","header-main-stick-meta":"","header-below-stick-meta":"","astra-migrate-meta-layouts":"default","ast-page-background-enabled":"default","ast-page-background-meta":{"desktop":{"background-color":"var(--ast-global-color-4)","background-image":"","background-repeat":"repeat","background-position":"center center","background-size":"auto","background-attachment":"scroll","background-type":"","background-media":"","overlay-type":"","overlay-color":"","overlay-opacity":"","overlay-gradient":""},"tablet":{"background-color":"","background-image":"","background-repeat":"repeat","background-position":"center center","background-size":"auto","background-attachment":"scroll","background-type":"","background-media":"","overlay-type":"","overlay-color":"","overlay-opacity":"","overlay-gradient":""},"mobile":{"background-color":"","background-image":"","background-repeat":"repeat","background-position":"center center","background-size":"auto","background-attachment":"scroll","background-type":"","background-media":"","overlay-type":"","overlay-color":"","overlay-opacity":"","overlay-gradient":""}},"ast-content-background-meta":{"desktop":{"background-color":"var(--ast-global-color-5)","background-image":"","background-repeat":"repeat","background-position":"center center","background-size":"auto","background-attachment":"scroll","background-type":"","background-media":"","overlay-type":"","overlay-color":"","overlay-opacity":"","overlay-gradient":""},"tablet":{"background-color":"var(--ast-global-color-5)","background-image":"","background-repeat":"repeat","background-position":"center center","background-size":"auto","background-attachment":"scroll","background-type":"","background-media":"","overlay-type":"","overlay-color":"","overlay-opacity":"","overlay-gradient":""},"mobile":{"background-color":"var(--ast-global-color-5)","background-image":"","background-repeat":"repeat","background-position":"center center","background-size":"auto","background-attachment":"scroll","background-type":"","background-media":"","overlay-type":"","overlay-color":"","overlay-opacity":"","overlay-gradient":""}},"footnotes":""},"categories":[7],"tags":[],"class_list":["post-713","post","type-post","status-publish","format-standard","has-post-thumbnail","hentry","category-aktualnosci"],"_links":{"self":[{"href":"https:\/\/mlodziez.diecezja.elblag.pl\/index.php\/wp-json\/wp\/v2\/posts\/713"}],"collection":[{"href":"https:\/\/mlodziez.diecezja.elblag.pl\/index.php\/wp-json\/wp\/v2\/posts"}],"about":[{"href":"https:\/\/mlodziez.diecezja.elblag.pl\/index.php\/wp-json\/wp\/v2\/types\/post"}],"author":[{"embeddable":true,"href":"https:\/\/mlodziez.diecezja.elblag.pl\/index.php\/wp-json\/wp\/v2\/users\/2"}],"replies":[{"embeddable":true,"href":"https:\/\/mlodziez.diecezja.elblag.pl\/index.php\/wp-json\/wp\/v2\/comments?post=713"}],"version-history":[{"count":3,"href":"https:\/\/mlodziez.diecezja.elblag.pl\/index.php\/wp-json\/wp\/v2\/posts\/713\/revisions"}],"predecessor-version":[{"id":726,"href":"https:\/\/mlodziez.diecezja.elblag.pl\/index.php\/wp-json\/wp\/v2\/posts\/713\/revisions\/726"}],"wp:featuredmedia":[{"embeddable":true,"href":"https:\/\/mlodziez.diecezja.elblag.pl\/index.php\/wp-json\/wp\/v2\/media\/714"}],"wp:attachment":[{"href":"https:\/\/mlodziez.diecezja.elblag.pl\/index.php\/wp-json\/wp\/v2\/media?parent=713"}],"wp:term":[{"taxonomy":"category","embeddable":true,"href":"https:\/\/mlodziez.diecezja.elblag.pl\/index.php\/wp-json\/wp\/v2\/categories?post=713"},{"taxonomy":"post_tag","embeddable":true,"href":"https:\/\/mlodziez.diecezja.elblag.pl\/index.php\/wp-json\/wp\/v2\/tags?post=713"}],"curies":[{"name":"wp","href":"https:\/\/api.w.org\/{rel}","templated":true}]}}