{"id":670,"date":"2020-11-21T07:27:53","date_gmt":"2020-11-21T06:27:53","guid":{"rendered":"http:\/\/mdelblag.pl\/?p=670"},"modified":"2020-11-28T09:54:24","modified_gmt":"2020-11-28T08:54:24","slug":"kilka-fotek-z-grudniowego-czuwania-online","status":"publish","type":"post","link":"https:\/\/mlodziez.diecezja.elblag.pl\/index.php\/2020\/11\/21\/kilka-fotek-z-grudniowego-czuwania-online\/","title":{"rendered":"Kilka fotek z grudniowego czuwania online"},"content":{"rendered":"\n<figure class=\"wp-block-gallery columns-1 is-cropped wp-block-gallery-1 is-layout-flex wp-block-gallery-is-layout-flex\"><ul class=\"blocks-gallery-grid\"><li class=\"blocks-gallery-item\"><figure><img fetchpriority=\"high\" decoding=\"async\" width=\"1024\" height=\"768\" src=\"http:\/\/mlodziez.diecezja.elblag.pl\/wp-content\/uploads\/2020\/11\/20201120_201502-1-1024x768.jpg\" alt=\"\" data-id=\"684\" data-full-url=\"http:\/\/mlodziez.diecezja.elblag.pl\/wp-content\/uploads\/2020\/11\/20201120_201502-1-scaled.jpg\" data-link=\"http:\/\/mlodziez.diecezja.elblag.pl\/index.php\/2020\/11\/21\/kilka-fotek-z-grudniowego-czuwania-online\/20201120_201502-1\/\" class=\"wp-image-684\" srcset=\"https:\/\/mlodziez.diecezja.elblag.pl\/wp-content\/uploads\/2020\/11\/20201120_201502-1-1024x768.jpg 1024w, https:\/\/mlodziez.diecezja.elblag.pl\/wp-content\/uploads\/2020\/11\/20201120_201502-1-300x225.jpg 300w, https:\/\/mlodziez.diecezja.elblag.pl\/wp-content\/uploads\/2020\/11\/20201120_201502-1-768x576.jpg 768w, https:\/\/mlodziez.diecezja.elblag.pl\/wp-content\/uploads\/2020\/11\/20201120_201502-1-1536x1152.jpg 1536w, https:\/\/mlodziez.diecezja.elblag.pl\/wp-content\/uploads\/2020\/11\/20201120_201502-1-2048x1536.jpg 2048w\" sizes=\"(max-width: 1024px) 100vw, 1024px\" \/><\/figure><\/li><\/ul><\/figure>\n\n\n\n<p>Przypomnijmy, \u017ce tematem czuwania 20.11. by\u0142a modlitwa osobista. Konferencj\u0119 wyg\u0142osi\u0142 ks. Maksymilian \u015alizie\u0144 ze Sztumu. Dzi\u0119ki animacji zespo\u0142u muzycznego z\u0142o\u017conego z Ady, Wiktorii i Karola, mogli\u015bmy modli\u0107 si\u0119 tak\u017ce \u015bpiewem. Obs\u0142ug\u0119 techniczn\u0105 zagwarantowa\u0142 ks. Piotr Kanarek. Grupy dzielenia na zoomie poprowadzili ksi\u0119\u017ca Piotr, Marek i Pawe\u0142. Wszystkim za wszystko B\u00f3g zap\u0142a\u0107 \ud83d\ude42 A na FB duszpasterstwa m\u0142odzie\u017cy mo\u017cna jeszcze wr\u00f3ci\u0107 do tego, w czym mogli\u015bmy uczestniczy\u0107.<\/p>\n\n\n\n<p>#poczuwajmy, #mdelblag<\/p>\n\n\n\n<div class=\"wp-block-group\"><div class=\"wp-block-group__inner-container is-layout-flow wp-block-group-is-layout-flow\">\n<figure class=\"wp-block-gallery columns-3 is-cropped wp-block-gallery-2 is-layout-flex wp-block-gallery-is-layout-flex\"><ul class=\"blocks-gallery-grid\"><li class=\"blocks-gallery-item\"><figure><a href=\"http:\/\/mlodziez.diecezja.elblag.pl\/wp-content\/uploads\/2020\/11\/20201120_201516-scaled.jpg\"><img decoding=\"async\" width=\"1024\" height=\"768\" src=\"http:\/\/mlodziez.diecezja.elblag.pl\/wp-content\/uploads\/2020\/11\/20201120_201516-1024x768.jpg\" alt=\"\" data-id=\"672\" data-full-url=\"http:\/\/mlodziez.diecezja.elblag.pl\/wp-content\/uploads\/2020\/11\/20201120_201516-scaled.jpg\" data-link=\"http:\/\/mlodziez.diecezja.elblag.pl\/?attachment_id=672\" class=\"wp-image-672\" srcset=\"https:\/\/mlodziez.diecezja.elblag.pl\/wp-content\/uploads\/2020\/11\/20201120_201516-1024x768.jpg 1024w, https:\/\/mlodziez.diecezja.elblag.pl\/wp-content\/uploads\/2020\/11\/20201120_201516-300x225.jpg 300w, https:\/\/mlodziez.diecezja.elblag.pl\/wp-content\/uploads\/2020\/11\/20201120_201516-768x576.jpg 768w, https:\/\/mlodziez.diecezja.elblag.pl\/wp-content\/uploads\/2020\/11\/20201120_201516-1536x1152.jpg 1536w, https:\/\/mlodziez.diecezja.elblag.pl\/wp-content\/uploads\/2020\/11\/20201120_201516-2048x1536.jpg 2048w\" sizes=\"(max-width: 1024px) 100vw, 1024px\" \/><\/a><\/figure><\/li><li class=\"blocks-gallery-item\"><figure><a href=\"http:\/\/mlodziez.diecezja.elblag.pl\/wp-content\/uploads\/2020\/11\/20201120_203945-scaled.jpg\"><img decoding=\"async\" width=\"1024\" height=\"768\" src=\"http:\/\/mlodziez.diecezja.elblag.pl\/wp-content\/uploads\/2020\/11\/20201120_203945-1024x768.jpg\" alt=\"\" data-id=\"673\" data-full-url=\"http:\/\/mlodziez.diecezja.elblag.pl\/wp-content\/uploads\/2020\/11\/20201120_203945-scaled.jpg\" data-link=\"http:\/\/mlodziez.diecezja.elblag.pl\/?attachment_id=673\" class=\"wp-image-673\" srcset=\"https:\/\/mlodziez.diecezja.elblag.pl\/wp-content\/uploads\/2020\/11\/20201120_203945-1024x768.jpg 1024w, https:\/\/mlodziez.diecezja.elblag.pl\/wp-content\/uploads\/2020\/11\/20201120_203945-300x225.jpg 300w, https:\/\/mlodziez.diecezja.elblag.pl\/wp-content\/uploads\/2020\/11\/20201120_203945-768x576.jpg 768w, https:\/\/mlodziez.diecezja.elblag.pl\/wp-content\/uploads\/2020\/11\/20201120_203945-1536x1152.jpg 1536w, https:\/\/mlodziez.diecezja.elblag.pl\/wp-content\/uploads\/2020\/11\/20201120_203945-2048x1536.jpg 2048w\" sizes=\"(max-width: 1024px) 100vw, 1024px\" \/><\/a><\/figure><\/li><li class=\"blocks-gallery-item\"><figure><a href=\"http:\/\/mlodziez.diecezja.elblag.pl\/wp-content\/uploads\/2020\/11\/20201120_210121-scaled.jpg\"><img loading=\"lazy\" decoding=\"async\" width=\"1024\" height=\"768\" src=\"http:\/\/mlodziez.diecezja.elblag.pl\/wp-content\/uploads\/2020\/11\/20201120_210121-1024x768.jpg\" alt=\"\" data-id=\"674\" data-full-url=\"http:\/\/mlodziez.diecezja.elblag.pl\/wp-content\/uploads\/2020\/11\/20201120_210121-scaled.jpg\" data-link=\"http:\/\/mlodziez.diecezja.elblag.pl\/?attachment_id=674\" class=\"wp-image-674\" srcset=\"https:\/\/mlodziez.diecezja.elblag.pl\/wp-content\/uploads\/2020\/11\/20201120_210121-1024x768.jpg 1024w, https:\/\/mlodziez.diecezja.elblag.pl\/wp-content\/uploads\/2020\/11\/20201120_210121-300x225.jpg 300w, https:\/\/mlodziez.diecezja.elblag.pl\/wp-content\/uploads\/2020\/11\/20201120_210121-768x576.jpg 768w, https:\/\/mlodziez.diecezja.elblag.pl\/wp-content\/uploads\/2020\/11\/20201120_210121-1536x1152.jpg 1536w, https:\/\/mlodziez.diecezja.elblag.pl\/wp-content\/uploads\/2020\/11\/20201120_210121-2048x1536.jpg 2048w\" sizes=\"(max-width: 1024px) 100vw, 1024px\" \/><\/a><\/figure><\/li><li class=\"blocks-gallery-item\"><figure><a href=\"http:\/\/mlodziez.diecezja.elblag.pl\/wp-content\/uploads\/2020\/11\/20201120_210152-scaled.jpg\"><img loading=\"lazy\" decoding=\"async\" width=\"1024\" height=\"768\" src=\"http:\/\/mlodziez.diecezja.elblag.pl\/wp-content\/uploads\/2020\/11\/20201120_210152-1024x768.jpg\" alt=\"\" data-id=\"675\" data-full-url=\"http:\/\/mlodziez.diecezja.elblag.pl\/wp-content\/uploads\/2020\/11\/20201120_210152-scaled.jpg\" data-link=\"http:\/\/mlodziez.diecezja.elblag.pl\/?attachment_id=675\" class=\"wp-image-675\" srcset=\"https:\/\/mlodziez.diecezja.elblag.pl\/wp-content\/uploads\/2020\/11\/20201120_210152-1024x768.jpg 1024w, https:\/\/mlodziez.diecezja.elblag.pl\/wp-content\/uploads\/2020\/11\/20201120_210152-300x225.jpg 300w, https:\/\/mlodziez.diecezja.elblag.pl\/wp-content\/uploads\/2020\/11\/20201120_210152-768x576.jpg 768w, https:\/\/mlodziez.diecezja.elblag.pl\/wp-content\/uploads\/2020\/11\/20201120_210152-1536x1152.jpg 1536w, https:\/\/mlodziez.diecezja.elblag.pl\/wp-content\/uploads\/2020\/11\/20201120_210152-2048x1536.jpg 2048w\" sizes=\"(max-width: 1024px) 100vw, 1024px\" \/><\/a><\/figure><\/li><li class=\"blocks-gallery-item\"><figure><a href=\"http:\/\/mlodziez.diecezja.elblag.pl\/wp-content\/uploads\/2020\/11\/20201120_210206-scaled.jpg\"><img loading=\"lazy\" decoding=\"async\" width=\"1024\" height=\"768\" src=\"http:\/\/mlodziez.diecezja.elblag.pl\/wp-content\/uploads\/2020\/11\/20201120_210206-1024x768.jpg\" alt=\"\" data-id=\"676\" data-full-url=\"http:\/\/mlodziez.diecezja.elblag.pl\/wp-content\/uploads\/2020\/11\/20201120_210206-scaled.jpg\" data-link=\"http:\/\/mlodziez.diecezja.elblag.pl\/?attachment_id=676\" class=\"wp-image-676\" srcset=\"https:\/\/mlodziez.diecezja.elblag.pl\/wp-content\/uploads\/2020\/11\/20201120_210206-1024x768.jpg 1024w, https:\/\/mlodziez.diecezja.elblag.pl\/wp-content\/uploads\/2020\/11\/20201120_210206-300x225.jpg 300w, https:\/\/mlodziez.diecezja.elblag.pl\/wp-content\/uploads\/2020\/11\/20201120_210206-768x576.jpg 768w, https:\/\/mlodziez.diecezja.elblag.pl\/wp-content\/uploads\/2020\/11\/20201120_210206-1536x1152.jpg 1536w, https:\/\/mlodziez.diecezja.elblag.pl\/wp-content\/uploads\/2020\/11\/20201120_210206-2048x1536.jpg 2048w\" sizes=\"(max-width: 1024px) 100vw, 1024px\" \/><\/a><\/figure><\/li><li class=\"blocks-gallery-item\"><figure><a href=\"http:\/\/mlodziez.diecezja.elblag.pl\/wp-content\/uploads\/2020\/11\/20201120_210239-scaled.jpg\"><img loading=\"lazy\" decoding=\"async\" width=\"1024\" height=\"768\" src=\"http:\/\/mlodziez.diecezja.elblag.pl\/wp-content\/uploads\/2020\/11\/20201120_210239-1024x768.jpg\" alt=\"\" data-id=\"677\" data-full-url=\"http:\/\/mlodziez.diecezja.elblag.pl\/wp-content\/uploads\/2020\/11\/20201120_210239-scaled.jpg\" data-link=\"http:\/\/mlodziez.diecezja.elblag.pl\/?attachment_id=677\" class=\"wp-image-677\" srcset=\"https:\/\/mlodziez.diecezja.elblag.pl\/wp-content\/uploads\/2020\/11\/20201120_210239-1024x768.jpg 1024w, https:\/\/mlodziez.diecezja.elblag.pl\/wp-content\/uploads\/2020\/11\/20201120_210239-300x225.jpg 300w, https:\/\/mlodziez.diecezja.elblag.pl\/wp-content\/uploads\/2020\/11\/20201120_210239-768x576.jpg 768w, https:\/\/mlodziez.diecezja.elblag.pl\/wp-content\/uploads\/2020\/11\/20201120_210239-1536x1152.jpg 1536w, https:\/\/mlodziez.diecezja.elblag.pl\/wp-content\/uploads\/2020\/11\/20201120_210239-2048x1536.jpg 2048w\" sizes=\"(max-width: 1024px) 100vw, 1024px\" \/><\/a><\/figure><\/li><li class=\"blocks-gallery-item\"><figure><a href=\"http:\/\/mlodziez.diecezja.elblag.pl\/wp-content\/uploads\/2020\/11\/20201120_210248-scaled.jpg\"><img loading=\"lazy\" decoding=\"async\" width=\"1024\" height=\"768\" src=\"http:\/\/mlodziez.diecezja.elblag.pl\/wp-content\/uploads\/2020\/11\/20201120_210248-1024x768.jpg\" alt=\"\" data-id=\"678\" data-full-url=\"http:\/\/mlodziez.diecezja.elblag.pl\/wp-content\/uploads\/2020\/11\/20201120_210248-scaled.jpg\" data-link=\"http:\/\/mlodziez.diecezja.elblag.pl\/?attachment_id=678\" class=\"wp-image-678\" srcset=\"https:\/\/mlodziez.diecezja.elblag.pl\/wp-content\/uploads\/2020\/11\/20201120_210248-1024x768.jpg 1024w, https:\/\/mlodziez.diecezja.elblag.pl\/wp-content\/uploads\/2020\/11\/20201120_210248-300x225.jpg 300w, https:\/\/mlodziez.diecezja.elblag.pl\/wp-content\/uploads\/2020\/11\/20201120_210248-768x576.jpg 768w, https:\/\/mlodziez.diecezja.elblag.pl\/wp-content\/uploads\/2020\/11\/20201120_210248-1536x1152.jpg 1536w, https:\/\/mlodziez.diecezja.elblag.pl\/wp-content\/uploads\/2020\/11\/20201120_210248-2048x1536.jpg 2048w\" sizes=\"(max-width: 1024px) 100vw, 1024px\" \/><\/a><\/figure><\/li><li class=\"blocks-gallery-item\"><figure><a href=\"http:\/\/mlodziez.diecezja.elblag.pl\/wp-content\/uploads\/2020\/11\/20201120_214000-scaled.jpg\"><img loading=\"lazy\" decoding=\"async\" width=\"1024\" height=\"768\" src=\"http:\/\/mlodziez.diecezja.elblag.pl\/wp-content\/uploads\/2020\/11\/20201120_214000-1024x768.jpg\" alt=\"\" data-id=\"679\" data-full-url=\"http:\/\/mlodziez.diecezja.elblag.pl\/wp-content\/uploads\/2020\/11\/20201120_214000-scaled.jpg\" data-link=\"http:\/\/mlodziez.diecezja.elblag.pl\/?attachment_id=679\" class=\"wp-image-679\" srcset=\"https:\/\/mlodziez.diecezja.elblag.pl\/wp-content\/uploads\/2020\/11\/20201120_214000-1024x768.jpg 1024w, https:\/\/mlodziez.diecezja.elblag.pl\/wp-content\/uploads\/2020\/11\/20201120_214000-300x225.jpg 300w, https:\/\/mlodziez.diecezja.elblag.pl\/wp-content\/uploads\/2020\/11\/20201120_214000-768x576.jpg 768w, https:\/\/mlodziez.diecezja.elblag.pl\/wp-content\/uploads\/2020\/11\/20201120_214000-1536x1152.jpg 1536w, https:\/\/mlodziez.diecezja.elblag.pl\/wp-content\/uploads\/2020\/11\/20201120_214000-2048x1536.jpg 2048w\" sizes=\"(max-width: 1024px) 100vw, 1024px\" \/><\/a><\/figure><\/li><li class=\"blocks-gallery-item\"><figure><a href=\"http:\/\/mlodziez.diecezja.elblag.pl\/wp-content\/uploads\/2020\/11\/20201120_214020-scaled.jpg\"><img loading=\"lazy\" decoding=\"async\" width=\"1024\" height=\"768\" src=\"http:\/\/mlodziez.diecezja.elblag.pl\/wp-content\/uploads\/2020\/11\/20201120_214020-1024x768.jpg\" alt=\"\" data-id=\"680\" data-full-url=\"http:\/\/mlodziez.diecezja.elblag.pl\/wp-content\/uploads\/2020\/11\/20201120_214020-scaled.jpg\" data-link=\"http:\/\/mlodziez.diecezja.elblag.pl\/?attachment_id=680\" class=\"wp-image-680\" srcset=\"https:\/\/mlodziez.diecezja.elblag.pl\/wp-content\/uploads\/2020\/11\/20201120_214020-1024x768.jpg 1024w, https:\/\/mlodziez.diecezja.elblag.pl\/wp-content\/uploads\/2020\/11\/20201120_214020-300x225.jpg 300w, https:\/\/mlodziez.diecezja.elblag.pl\/wp-content\/uploads\/2020\/11\/20201120_214020-768x576.jpg 768w, https:\/\/mlodziez.diecezja.elblag.pl\/wp-content\/uploads\/2020\/11\/20201120_214020-1536x1152.jpg 1536w, https:\/\/mlodziez.diecezja.elblag.pl\/wp-content\/uploads\/2020\/11\/20201120_214020-2048x1536.jpg 2048w\" sizes=\"(max-width: 1024px) 100vw, 1024px\" \/><\/a><\/figure><\/li><li class=\"blocks-gallery-item\"><figure><a href=\"http:\/\/mlodziez.diecezja.elblag.pl\/wp-content\/uploads\/2020\/11\/20201120_215042-scaled.jpg\"><img loading=\"lazy\" decoding=\"async\" width=\"1024\" height=\"768\" src=\"http:\/\/mlodziez.diecezja.elblag.pl\/wp-content\/uploads\/2020\/11\/20201120_215042-1024x768.jpg\" alt=\"\" data-id=\"681\" data-full-url=\"http:\/\/mlodziez.diecezja.elblag.pl\/wp-content\/uploads\/2020\/11\/20201120_215042-scaled.jpg\" data-link=\"http:\/\/mlodziez.diecezja.elblag.pl\/?attachment_id=681\" class=\"wp-image-681\" srcset=\"https:\/\/mlodziez.diecezja.elblag.pl\/wp-content\/uploads\/2020\/11\/20201120_215042-1024x768.jpg 1024w, https:\/\/mlodziez.diecezja.elblag.pl\/wp-content\/uploads\/2020\/11\/20201120_215042-300x225.jpg 300w, https:\/\/mlodziez.diecezja.elblag.pl\/wp-content\/uploads\/2020\/11\/20201120_215042-768x576.jpg 768w, https:\/\/mlodziez.diecezja.elblag.pl\/wp-content\/uploads\/2020\/11\/20201120_215042-1536x1152.jpg 1536w, https:\/\/mlodziez.diecezja.elblag.pl\/wp-content\/uploads\/2020\/11\/20201120_215042-2048x1536.jpg 2048w\" sizes=\"(max-width: 1024px) 100vw, 1024px\" \/><\/a><\/figure><\/li><li class=\"blocks-gallery-item\"><figure><a href=\"http:\/\/mlodziez.diecezja.elblag.pl\/wp-content\/uploads\/2020\/11\/20201120_215746-scaled.jpg\"><img loading=\"lazy\" decoding=\"async\" width=\"1024\" height=\"768\" src=\"http:\/\/mlodziez.diecezja.elblag.pl\/wp-content\/uploads\/2020\/11\/20201120_215746-1024x768.jpg\" alt=\"\" data-id=\"682\" data-full-url=\"http:\/\/mlodziez.diecezja.elblag.pl\/wp-content\/uploads\/2020\/11\/20201120_215746-scaled.jpg\" data-link=\"http:\/\/mlodziez.diecezja.elblag.pl\/?attachment_id=682\" class=\"wp-image-682\" srcset=\"https:\/\/mlodziez.diecezja.elblag.pl\/wp-content\/uploads\/2020\/11\/20201120_215746-1024x768.jpg 1024w, https:\/\/mlodziez.diecezja.elblag.pl\/wp-content\/uploads\/2020\/11\/20201120_215746-300x225.jpg 300w, https:\/\/mlodziez.diecezja.elblag.pl\/wp-content\/uploads\/2020\/11\/20201120_215746-768x576.jpg 768w, https:\/\/mlodziez.diecezja.elblag.pl\/wp-content\/uploads\/2020\/11\/20201120_215746-1536x1152.jpg 1536w, https:\/\/mlodziez.diecezja.elblag.pl\/wp-content\/uploads\/2020\/11\/20201120_215746-2048x1536.jpg 2048w\" sizes=\"(max-width: 1024px) 100vw, 1024px\" \/><\/a><\/figure><\/li><\/ul><\/figure>\n\n\n\n<p><\/p>\n<\/div><\/div>\n","protected":false},"excerpt":{"rendered":"<p>Przypomnijmy, \u017ce tematem czuwania 20.11. by\u0142a modlitwa osobista. Konferencj\u0119 wyg\u0142osi\u0142 ks. Maksymilian \u015alizie\u0144 ze Sztumu. Dzi\u0119ki animacji zespo\u0142u muzycznego z\u0142o\u017conego z Ady, Wiktorii i Karola, mogli\u015bmy modli\u0107 si\u0119 tak\u017ce \u015bpiewem. Obs\u0142ug\u0119 techniczn\u0105 zagwarantowa\u0142 ks. Piotr Kanarek. Grupy dzielenia na zoomie poprowadzili ksi\u0119\u017ca Piotr, Marek i Pawe\u0142. Wszystkim za wszystko B\u00f3g zap\u0142a\u0107 \ud83d\ude42 A na FB [&hellip;]<\/p>\n","protected":false},"author":2,"featured_media":680,"comment_status":"closed","ping_status":"open","sticky":true,"template":"","format":"standard","meta":{"site-sidebar-layout":"default","site-content-layout":"default","ast-site-content-layout":"","site-content-style":"default","site-sidebar-style":"default","ast-global-header-display":"","ast-banner-title-visibility":"","ast-main-header-display":"","ast-hfb-above-header-display":"","ast-hfb-below-header-display":"","ast-hfb-mobile-header-display":"","site-post-title":"","ast-breadcrumbs-content":"","ast-featured-img":"","footer-sml-layout":"","theme-transparent-header-meta":"default","adv-header-id-meta":"","stick-header-meta":"","header-above-stick-meta":"","header-main-stick-meta":"","header-below-stick-meta":"","astra-migrate-meta-layouts":"default","ast-page-background-enabled":"default","ast-page-background-meta":{"desktop":{"background-color":"var(--ast-global-color-4)","background-image":"","background-repeat":"repeat","background-position":"center center","background-size":"auto","background-attachment":"scroll","background-type":"","background-media":"","overlay-type":"","overlay-color":"","overlay-opacity":"","overlay-gradient":""},"tablet":{"background-color":"","background-image":"","background-repeat":"repeat","background-position":"center center","background-size":"auto","background-attachment":"scroll","background-type":"","background-media":"","overlay-type":"","overlay-color":"","overlay-opacity":"","overlay-gradient":""},"mobile":{"background-color":"","background-image":"","background-repeat":"repeat","background-position":"center center","background-size":"auto","background-attachment":"scroll","background-type":"","background-media":"","overlay-type":"","overlay-color":"","overlay-opacity":"","overlay-gradient":""}},"ast-content-background-meta":{"desktop":{"background-color":"var(--ast-global-color-5)","background-image":"","background-repeat":"repeat","background-position":"center center","background-size":"auto","background-attachment":"scroll","background-type":"","background-media":"","overlay-type":"","overlay-color":"","overlay-opacity":"","overlay-gradient":""},"tablet":{"background-color":"var(--ast-global-color-5)","background-image":"","background-repeat":"repeat","background-position":"center center","background-size":"auto","background-attachment":"scroll","background-type":"","background-media":"","overlay-type":"","overlay-color":"","overlay-opacity":"","overlay-gradient":""},"mobile":{"background-color":"var(--ast-global-color-5)","background-image":"","background-repeat":"repeat","background-position":"center center","background-size":"auto","background-attachment":"scroll","background-type":"","background-media":"","overlay-type":"","overlay-color":"","overlay-opacity":"","overlay-gradient":""}},"footnotes":""},"categories":[6],"tags":[8],"class_list":["post-670","post","type-post","status-publish","format-standard","has-post-thumbnail","hentry","category-galeria","tag-czuwanie-mlodziezy"],"_links":{"self":[{"href":"https:\/\/mlodziez.diecezja.elblag.pl\/index.php\/wp-json\/wp\/v2\/posts\/670"}],"collection":[{"href":"https:\/\/mlodziez.diecezja.elblag.pl\/index.php\/wp-json\/wp\/v2\/posts"}],"about":[{"href":"https:\/\/mlodziez.diecezja.elblag.pl\/index.php\/wp-json\/wp\/v2\/types\/post"}],"author":[{"embeddable":true,"href":"https:\/\/mlodziez.diecezja.elblag.pl\/index.php\/wp-json\/wp\/v2\/users\/2"}],"replies":[{"embeddable":true,"href":"https:\/\/mlodziez.diecezja.elblag.pl\/index.php\/wp-json\/wp\/v2\/comments?post=670"}],"version-history":[{"count":4,"href":"https:\/\/mlodziez.diecezja.elblag.pl\/index.php\/wp-json\/wp\/v2\/posts\/670\/revisions"}],"predecessor-version":[{"id":705,"href":"https:\/\/mlodziez.diecezja.elblag.pl\/index.php\/wp-json\/wp\/v2\/posts\/670\/revisions\/705"}],"wp:featuredmedia":[{"embeddable":true,"href":"https:\/\/mlodziez.diecezja.elblag.pl\/index.php\/wp-json\/wp\/v2\/media\/680"}],"wp:attachment":[{"href":"https:\/\/mlodziez.diecezja.elblag.pl\/index.php\/wp-json\/wp\/v2\/media?parent=670"}],"wp:term":[{"taxonomy":"category","embeddable":true,"href":"https:\/\/mlodziez.diecezja.elblag.pl\/index.php\/wp-json\/wp\/v2\/categories?post=670"},{"taxonomy":"post_tag","embeddable":true,"href":"https:\/\/mlodziez.diecezja.elblag.pl\/index.php\/wp-json\/wp\/v2\/tags?post=670"}],"curies":[{"name":"wp","href":"https:\/\/api.w.org\/{rel}","templated":true}]}}