{"id":616,"date":"2020-11-17T10:40:19","date_gmt":"2020-11-17T09:40:19","guid":{"rendered":"http:\/\/mdelblag.pl\/?p=616"},"modified":"2020-11-17T13:34:40","modified_gmt":"2020-11-17T12:34:40","slug":"diecezjalne-czuwanie-mlodziezy-online","status":"publish","type":"post","link":"https:\/\/mlodziez.diecezja.elblag.pl\/index.php\/2020\/11\/17\/diecezjalne-czuwanie-mlodziezy-online\/","title":{"rendered":"Diecezjalne czuwanie m\u0142odzie\u017cy online 20.11."},"content":{"rendered":"\n<div class=\"wp-block-image\"><figure class=\"aligncenter size-large is-resized\"><img fetchpriority=\"high\" decoding=\"async\" src=\"http:\/\/mlodziez.diecezja.elblag.pl\/wp-content\/uploads\/2020\/11\/1-1024x636.jpg\" alt=\"\" class=\"wp-image-617\" width=\"768\" height=\"477\" srcset=\"https:\/\/mlodziez.diecezja.elblag.pl\/wp-content\/uploads\/2020\/11\/1-1024x636.jpg 1024w, https:\/\/mlodziez.diecezja.elblag.pl\/wp-content\/uploads\/2020\/11\/1-300x186.jpg 300w, https:\/\/mlodziez.diecezja.elblag.pl\/wp-content\/uploads\/2020\/11\/1-768x477.jpg 768w, https:\/\/mlodziez.diecezja.elblag.pl\/wp-content\/uploads\/2020\/11\/1.jpg 1207w\" sizes=\"(max-width: 768px) 100vw, 768px\" \/><\/figure><\/div>\n\n\n\n<p class=\"has-drop-cap has-text-align-left has-medium-font-size\">Listopadowe Czuwanie M\u0142odzie\u017cy Diecezji Elbl\u0105skiej mia\u0142o odby\u0107 si\u0119 w naszym go\u015bcinnym Seminarium Duchownym. Jednak&#8230; <strong>W pi\u0105tek 20 listopada<\/strong> ponownie spotkamy si\u0119 online. <br>O <strong>20:00<\/strong> rozpocznie si\u0119 konferencja nt. modlitwy osobistej. Poprowadzi j\u0105 ks. Maksymilian \u015alizie\u0144 ze Szumu. Po niej b\u0119dziemy mogli zalogowa\u0107 si\u0119 do wybranego pokoju na zoomie <br>i wzi\u0105\u0107 udzia\u0142 w grupach dzielenia. Na zako\u0144czenie, <strong>o 21:00<\/strong> odb\u0119dzie si\u0119 wsp\u00f3lna modlitwa m\u0142odzie\u017cy podczas transmitowanej Adoracji Naj\u015bwi\u0119tszego Sakramentu <img decoding=\"async\" width=\"16\" height=\"16\" alt=\"\ud83d\ude42\" src=\"https:\/\/static.xx.fbcdn.net\/images\/emoji.php\/v9\/t4c\/1\/16\/1f642.png\"><\/p>\n\n\n\n<p class=\"has-text-align-left has-medium-font-size\">Serdecznie zapraszamy!<br><strong>+<\/strong><\/p>\n\n\n\n<p class=\"has-text-align-left has-medium-font-size\"><a href=\"https:\/\/www.facebook.com\/events\/1004263486746008\/\" target=\"_blank\" rel=\"noreferrer noopener\">link do wydarzenia na FB<\/a><\/p>\n\n\n\n<p class=\"has-medium-font-size\"><a href=\"https:\/\/www.facebook.com\/hashtag\/poczuwajmy?__eep__=6&amp;__cft__[0]=AZVUVLefXWLLRFkO-bg732e75phuogC0zAxfxtBr4Vtqlev_bONTBpVkl7FWifweYp_u9qJPkmeKFkVJoZIcpZ8_YrwLAOQ-yQGb-yvCpKdGd2AOtnU7D8osHaY0IdLEXtedzcOO92CXP0mnIVKkNgf-72B22hM5U7DVxuV2w_n8QA&amp;__tn__=q\" target=\"_blank\" rel=\"noreferrer noopener\">#poczuwajmy<\/a><br><a href=\"https:\/\/www.facebook.com\/hashtag\/mdelblag?__eep__=6&amp;__cft__[0]=AZVUVLefXWLLRFkO-bg732e75phuogC0zAxfxtBr4Vtqlev_bONTBpVkl7FWifweYp_u9qJPkmeKFkVJoZIcpZ8_YrwLAOQ-yQGb-yvCpKdGd2AOtnU7D8osHaY0IdLEXtedzcOO92CXP0mnIVKkNgf-72B22hM5U7DVxuV2w_n8QA&amp;__tn__=q\" target=\"_blank\" rel=\"noreferrer noopener\">#mdelblag<\/a><\/p>\n","protected":false},"excerpt":{"rendered":"<p>Listopadowe Czuwanie M\u0142odzie\u017cy Diecezji Elbl\u0105skiej mia\u0142o odby\u0107 si\u0119 w naszym go\u015bcinnym Seminarium Duchownym. Jednak&#8230; W pi\u0105tek 20 listopada ponownie spotkamy si\u0119 online. O 20:00 rozpocznie si\u0119 konferencja nt. modlitwy osobistej. Poprowadzi j\u0105 ks. Maksymilian \u015alizie\u0144 ze Szumu. Po niej b\u0119dziemy mogli zalogowa\u0107 si\u0119 do wybranego pokoju na zoomie i wzi\u0105\u0107 udzia\u0142 w grupach dzielenia. Na [&hellip;]<\/p>\n","protected":false},"author":2,"featured_media":617,"comment_status":"closed","ping_status":"open","sticky":false,"template":"","format":"standard","meta":{"site-sidebar-layout":"default","site-content-layout":"default","ast-site-content-layout":"","site-content-style":"default","site-sidebar-style":"default","ast-global-header-display":"","ast-banner-title-visibility":"","ast-main-header-display":"","ast-hfb-above-header-display":"","ast-hfb-below-header-display":"","ast-hfb-mobile-header-display":"","site-post-title":"","ast-breadcrumbs-content":"","ast-featured-img":"","footer-sml-layout":"","theme-transparent-header-meta":"default","adv-header-id-meta":"","stick-header-meta":"","header-above-stick-meta":"","header-main-stick-meta":"","header-below-stick-meta":"","astra-migrate-meta-layouts":"default","ast-page-background-enabled":"default","ast-page-background-meta":{"desktop":{"background-color":"var(--ast-global-color-4)","background-image":"","background-repeat":"repeat","background-position":"center center","background-size":"auto","background-attachment":"scroll","background-type":"","background-media":"","overlay-type":"","overlay-color":"","overlay-opacity":"","overlay-gradient":""},"tablet":{"background-color":"","background-image":"","background-repeat":"repeat","background-position":"center center","background-size":"auto","background-attachment":"scroll","background-type":"","background-media":"","overlay-type":"","overlay-color":"","overlay-opacity":"","overlay-gradient":""},"mobile":{"background-color":"","background-image":"","background-repeat":"repeat","background-position":"center center","background-size":"auto","background-attachment":"scroll","background-type":"","background-media":"","overlay-type":"","overlay-color":"","overlay-opacity":"","overlay-gradient":""}},"ast-content-background-meta":{"desktop":{"background-color":"var(--ast-global-color-5)","background-image":"","background-repeat":"repeat","background-position":"center center","background-size":"auto","background-attachment":"scroll","background-type":"","background-media":"","overlay-type":"","overlay-color":"","overlay-opacity":"","overlay-gradient":""},"tablet":{"background-color":"var(--ast-global-color-5)","background-image":"","background-repeat":"repeat","background-position":"center center","background-size":"auto","background-attachment":"scroll","background-type":"","background-media":"","overlay-type":"","overlay-color":"","overlay-opacity":"","overlay-gradient":""},"mobile":{"background-color":"var(--ast-global-color-5)","background-image":"","background-repeat":"repeat","background-position":"center center","background-size":"auto","background-attachment":"scroll","background-type":"","background-media":"","overlay-type":"","overlay-color":"","overlay-opacity":"","overlay-gradient":""}},"footnotes":""},"categories":[7],"tags":[],"class_list":["post-616","post","type-post","status-publish","format-standard","has-post-thumbnail","hentry","category-aktualnosci"],"_links":{"self":[{"href":"https:\/\/mlodziez.diecezja.elblag.pl\/index.php\/wp-json\/wp\/v2\/posts\/616"}],"collection":[{"href":"https:\/\/mlodziez.diecezja.elblag.pl\/index.php\/wp-json\/wp\/v2\/posts"}],"about":[{"href":"https:\/\/mlodziez.diecezja.elblag.pl\/index.php\/wp-json\/wp\/v2\/types\/post"}],"author":[{"embeddable":true,"href":"https:\/\/mlodziez.diecezja.elblag.pl\/index.php\/wp-json\/wp\/v2\/users\/2"}],"replies":[{"embeddable":true,"href":"https:\/\/mlodziez.diecezja.elblag.pl\/index.php\/wp-json\/wp\/v2\/comments?post=616"}],"version-history":[{"count":7,"href":"https:\/\/mlodziez.diecezja.elblag.pl\/index.php\/wp-json\/wp\/v2\/posts\/616\/revisions"}],"predecessor-version":[{"id":627,"href":"https:\/\/mlodziez.diecezja.elblag.pl\/index.php\/wp-json\/wp\/v2\/posts\/616\/revisions\/627"}],"wp:featuredmedia":[{"embeddable":true,"href":"https:\/\/mlodziez.diecezja.elblag.pl\/index.php\/wp-json\/wp\/v2\/media\/617"}],"wp:attachment":[{"href":"https:\/\/mlodziez.diecezja.elblag.pl\/index.php\/wp-json\/wp\/v2\/media?parent=616"}],"wp:term":[{"taxonomy":"category","embeddable":true,"href":"https:\/\/mlodziez.diecezja.elblag.pl\/index.php\/wp-json\/wp\/v2\/categories?post=616"},{"taxonomy":"post_tag","embeddable":true,"href":"https:\/\/mlodziez.diecezja.elblag.pl\/index.php\/wp-json\/wp\/v2\/tags?post=616"}],"curies":[{"name":"wp","href":"https:\/\/api.w.org\/{rel}","templated":true}]}}